{"@context":"https:\/\/schema.org\/","@type":"CollectionPage","@id":"https:\/\/www.brandel.cz\/auto-moto\/#CollectionPage","headline":"Auto moto Category","description":"","url":"https:\/\/www.brandel.cz\/auto-moto\/","hasPart":[{"@type":"Article","@id":"https:\/\/www.brandel.cz\/vse-pro-vasi-maximalni-spokojenost\/","headline":"V\u0161e pro Va\u0161i maxim\u00e1ln\u00ed spokojenost","url":"https:\/\/www.brandel.cz\/vse-pro-vasi-maximalni-spokojenost\/","datePublished":"2023-04-26","dateModified":"2023-04-26","mainEntityOfPage":"https:\/\/www.brandel.cz\/vse-pro-vasi-maximalni-spokojenost\/","author":{"@type":"Person","@id":"https:\/\/www.brandel.cz\/author\/#Person","name":"","url":"https:\/\/www.brandel.cz\/author\/","identifier":1,"image":{"@type":"ImageObject","@id":"https:\/\/secure.gravatar.com\/avatar\/91506ed60e31abe586276a3e1420719df081581a820344a28fa2034bb1a2fe22?s=96&d=mm&r=g","url":"https:\/\/secure.gravatar.com\/avatar\/91506ed60e31abe586276a3e1420719df081581a820344a28fa2034bb1a2fe22?s=96&d=mm&r=g","height":96,"width":96}},"publisher":{"@type":"Organization","name":"brandel.cz","logo":{"@type":"ImageObject","@id":"\/logo.png","url":"\/logo.png","width":600,"height":60}},"image":null,"keywords":null},{"@type":"Article","@id":"https:\/\/www.brandel.cz\/oslava-jak-se-patri\/","headline":"Oslava jak se pat\u0159\u00ed","url":"https:\/\/www.brandel.cz\/oslava-jak-se-patri\/","datePublished":"2023-04-26","dateModified":"2023-04-26","mainEntityOfPage":"https:\/\/www.brandel.cz\/oslava-jak-se-patri\/","author":{"@type":"Person","@id":"https:\/\/www.brandel.cz\/author\/#Person","name":"","url":"https:\/\/www.brandel.cz\/author\/","identifier":1,"image":{"@type":"ImageObject","@id":"https:\/\/secure.gravatar.com\/avatar\/91506ed60e31abe586276a3e1420719df081581a820344a28fa2034bb1a2fe22?s=96&d=mm&r=g","url":"https:\/\/secure.gravatar.com\/avatar\/91506ed60e31abe586276a3e1420719df081581a820344a28fa2034bb1a2fe22?s=96&d=mm&r=g","height":96,"width":96}},"publisher":{"@type":"Organization","name":"brandel.cz","logo":{"@type":"ImageObject","@id":"\/logo.png","url":"\/logo.png","width":600,"height":60}},"image":null,"keywords":null},{"@type":"Article","@id":"https:\/\/www.brandel.cz\/gastro-zarizeni\/","headline":"Gastro za\u0159\u00edzen\u00ed","url":"https:\/\/www.brandel.cz\/gastro-zarizeni\/","datePublished":"2023-04-26","dateModified":"2023-04-26","mainEntityOfPage":"https:\/\/www.brandel.cz\/gastro-zarizeni\/","author":{"@type":"Person","@id":"https:\/\/www.brandel.cz\/author\/#Person","name":"","url":"https:\/\/www.brandel.cz\/author\/","identifier":1,"image":{"@type":"ImageObject","@id":"https:\/\/secure.gravatar.com\/avatar\/91506ed60e31abe586276a3e1420719df081581a820344a28fa2034bb1a2fe22?s=96&d=mm&r=g","url":"https:\/\/secure.gravatar.com\/avatar\/91506ed60e31abe586276a3e1420719df081581a820344a28fa2034bb1a2fe22?s=96&d=mm&r=g","height":96,"width":96}},"publisher":{"@type":"Organization","name":"brandel.cz","logo":{"@type":"ImageObject","@id":"\/logo.png","url":"\/logo.png","width":600,"height":60}},"image":null,"keywords":null},{"@type":"Article","@id":"https:\/\/www.brandel.cz\/pocity-ktere-si-uzijete\/","headline":"Pocity, kter\u00e9 si u\u017eijete","url":"https:\/\/www.brandel.cz\/pocity-ktere-si-uzijete\/","datePublished":"2023-04-26","dateModified":"2023-04-26","mainEntityOfPage":"https:\/\/www.brandel.cz\/pocity-ktere-si-uzijete\/","author":{"@type":"Person","@id":"https:\/\/www.brandel.cz\/author\/#Person","name":"","url":"https:\/\/www.brandel.cz\/author\/","identifier":1,"image":{"@type":"ImageObject","@id":"https:\/\/secure.gravatar.com\/avatar\/91506ed60e31abe586276a3e1420719df081581a820344a28fa2034bb1a2fe22?s=96&d=mm&r=g","url":"https:\/\/secure.gravatar.com\/avatar\/91506ed60e31abe586276a3e1420719df081581a820344a28fa2034bb1a2fe22?s=96&d=mm&r=g","height":96,"width":96}},"publisher":{"@type":"Organization","name":"brandel.cz","logo":{"@type":"ImageObject","@id":"\/logo.png","url":"\/logo.png","width":600,"height":60}},"image":null,"keywords":null},{"@type":"Article","@id":"https:\/\/www.brandel.cz\/jenom-u-nas-najdete-to-nejkomfortnejsi-zbozi\/","headline":"Jenom u n\u00e1s najdete to nejkomfortn\u011bj\u0161\u00ed zbo\u017e\u00ed","url":"https:\/\/www.brandel.cz\/jenom-u-nas-najdete-to-nejkomfortnejsi-zbozi\/","datePublished":"2023-04-26","dateModified":"2023-04-26","mainEntityOfPage":"https:\/\/www.brandel.cz\/jenom-u-nas-najdete-to-nejkomfortnejsi-zbozi\/","author":{"@type":"Person","@id":"https:\/\/www.brandel.cz\/author\/#Person","name":"","url":"https:\/\/www.brandel.cz\/author\/","identifier":1,"image":{"@type":"ImageObject","@id":"https:\/\/secure.gravatar.com\/avatar\/91506ed60e31abe586276a3e1420719df081581a820344a28fa2034bb1a2fe22?s=96&d=mm&r=g","url":"https:\/\/secure.gravatar.com\/avatar\/91506ed60e31abe586276a3e1420719df081581a820344a28fa2034bb1a2fe22?s=96&d=mm&r=g","height":96,"width":96}},"publisher":{"@type":"Organization","name":"brandel.cz","logo":{"@type":"ImageObject","@id":"\/logo.png","url":"\/logo.png","width":600,"height":60}},"image":null,"keywords":null},{"@type":"Article","@id":"https:\/\/www.brandel.cz\/pripravime-jakykoli-odborny-text-ktery-si-budete-prat\/","headline":"P\u0159iprav\u00edme jak\u00fdkoli odborn\u00fd text, kter\u00fd si budete p\u0159\u00e1t","url":"https:\/\/www.brandel.cz\/pripravime-jakykoli-odborny-text-ktery-si-budete-prat\/","datePublished":"2023-04-26","dateModified":"2023-04-26","mainEntityOfPage":"https:\/\/www.brandel.cz\/pripravime-jakykoli-odborny-text-ktery-si-budete-prat\/","author":{"@type":"Person","@id":"https:\/\/www.brandel.cz\/author\/#Person","name":"","url":"https:\/\/www.brandel.cz\/author\/","identifier":1,"image":{"@type":"ImageObject","@id":"https:\/\/secure.gravatar.com\/avatar\/91506ed60e31abe586276a3e1420719df081581a820344a28fa2034bb1a2fe22?s=96&d=mm&r=g","url":"https:\/\/secure.gravatar.com\/avatar\/91506ed60e31abe586276a3e1420719df081581a820344a28fa2034bb1a2fe22?s=96&d=mm&r=g","height":96,"width":96}},"publisher":{"@type":"Organization","name":"brandel.cz","logo":{"@type":"ImageObject","@id":"\/logo.png","url":"\/logo.png","width":600,"height":60}},"image":null,"keywords":null},{"@type":"Article","@id":"https:\/\/www.brandel.cz\/vyber-podvozku-muze-byt-veda\/","headline":"V\u00fdb\u011br podvozku m\u016f\u017ee b\u00fdt v\u011bda","url":"https:\/\/www.brandel.cz\/vyber-podvozku-muze-byt-veda\/","datePublished":"2019-12-20","dateModified":"2023-04-26","mainEntityOfPage":"https:\/\/www.brandel.cz\/vyber-podvozku-muze-byt-veda\/","author":{"@type":"Person","@id":"https:\/\/www.brandel.cz\/author\/#Person","name":"","url":"https:\/\/www.brandel.cz\/author\/","identifier":1,"image":{"@type":"ImageObject","@id":"https:\/\/secure.gravatar.com\/avatar\/91506ed60e31abe586276a3e1420719df081581a820344a28fa2034bb1a2fe22?s=96&d=mm&r=g","url":"https:\/\/secure.gravatar.com\/avatar\/91506ed60e31abe586276a3e1420719df081581a820344a28fa2034bb1a2fe22?s=96&d=mm&r=g","height":96,"width":96}},"publisher":{"@type":"Organization","name":"brandel.cz","logo":{"@type":"ImageObject","@id":"\/logo.png","url":"\/logo.png","width":600,"height":60}},"image":{"@type":"ImageObject","@id":"https:\/\/www.brandel.cz\/wp-content\/uploads\/img_a366316_w3716_t1578990547.jpg","url":"https:\/\/www.brandel.cz\/wp-content\/uploads\/img_a366316_w3716_t1578990547.jpg","height":0,"width":0},"keywords":null},{"@type":"Article","@id":"https:\/\/www.brandel.cz\/lita-kola-elegantni-vzhled-pro-vas-vuz\/","headline":"Lit\u00e1 kola: elegantn\u00ed vzhled pro v\u00e1\u0161 v\u016fz","url":"https:\/\/www.brandel.cz\/lita-kola-elegantni-vzhled-pro-vas-vuz\/","datePublished":"2019-12-10","dateModified":"2023-04-26","mainEntityOfPage":"https:\/\/www.brandel.cz\/lita-kola-elegantni-vzhled-pro-vas-vuz\/","author":{"@type":"Person","@id":"https:\/\/www.brandel.cz\/author\/#Person","name":"","url":"https:\/\/www.brandel.cz\/author\/","identifier":1,"image":{"@type":"ImageObject","@id":"https:\/\/secure.gravatar.com\/avatar\/91506ed60e31abe586276a3e1420719df081581a820344a28fa2034bb1a2fe22?s=96&d=mm&r=g","url":"https:\/\/secure.gravatar.com\/avatar\/91506ed60e31abe586276a3e1420719df081581a820344a28fa2034bb1a2fe22?s=96&d=mm&r=g","height":96,"width":96}},"publisher":{"@type":"Organization","name":"brandel.cz","logo":{"@type":"ImageObject","@id":"\/logo.png","url":"\/logo.png","width":600,"height":60}},"image":{"@type":"ImageObject","@id":"https:\/\/www.brandel.cz\/wp-content\/uploads\/img_a366349_w3716_t1578993921.jpg","url":"https:\/\/www.brandel.cz\/wp-content\/uploads\/img_a366349_w3716_t1578993921.jpg","height":0,"width":0},"keywords":null},{"@type":"Article","@id":"https:\/\/www.brandel.cz\/polepit-muzete-vuz-zvenku-i-zevnitr\/","headline":"Polepit m\u016f\u017eete v\u016fz zvenku i zevnit\u0159","url":"https:\/\/www.brandel.cz\/polepit-muzete-vuz-zvenku-i-zevnitr\/","datePublished":"2019-12-04","dateModified":"2023-04-26","mainEntityOfPage":"https:\/\/www.brandel.cz\/polepit-muzete-vuz-zvenku-i-zevnitr\/","author":{"@type":"Person","@id":"https:\/\/www.brandel.cz\/author\/#Person","name":"","url":"https:\/\/www.brandel.cz\/author\/","identifier":1,"image":{"@type":"ImageObject","@id":"https:\/\/secure.gravatar.com\/avatar\/91506ed60e31abe586276a3e1420719df081581a820344a28fa2034bb1a2fe22?s=96&d=mm&r=g","url":"https:\/\/secure.gravatar.com\/avatar\/91506ed60e31abe586276a3e1420719df081581a820344a28fa2034bb1a2fe22?s=96&d=mm&r=g","height":96,"width":96}},"publisher":{"@type":"Organization","name":"brandel.cz","logo":{"@type":"ImageObject","@id":"\/logo.png","url":"\/logo.png","width":600,"height":60}},"image":{"@type":"ImageObject","@id":"https:\/\/www.brandel.cz\/wp-content\/uploads\/img_a366327_w3716_t1578991464.jpg","url":"https:\/\/www.brandel.cz\/wp-content\/uploads\/img_a366327_w3716_t1578991464.jpg","height":0,"width":0},"keywords":null},{"@type":"Article","@id":"https:\/\/www.brandel.cz\/vecirek-se-trochu-protahl\/","headline":"Ve\u010d\u00edrek se trochu prot\u00e1hl","url":"https:\/\/www.brandel.cz\/vecirek-se-trochu-protahl\/","datePublished":"2019-09-16","dateModified":"2023-10-13","mainEntityOfPage":"https:\/\/www.brandel.cz\/vecirek-se-trochu-protahl\/","author":{"@type":"Person","@id":"https:\/\/www.brandel.cz\/author\/#Person","name":"","url":"https:\/\/www.brandel.cz\/author\/","identifier":1,"image":{"@type":"ImageObject","@id":"https:\/\/secure.gravatar.com\/avatar\/91506ed60e31abe586276a3e1420719df081581a820344a28fa2034bb1a2fe22?s=96&d=mm&r=g","url":"https:\/\/secure.gravatar.com\/avatar\/91506ed60e31abe586276a3e1420719df081581a820344a28fa2034bb1a2fe22?s=96&d=mm&r=g","height":96,"width":96}},"publisher":{"@type":"Organization","name":"brandel.cz","logo":{"@type":"ImageObject","@id":"\/logo.png","url":"\/logo.png","width":600,"height":60}},"image":{"@type":"ImageObject","@id":"https:\/\/www.brandel.cz\/wp-content\/uploads\/img_a360182_w3716_t1574062765.jpg","url":"https:\/\/www.brandel.cz\/wp-content\/uploads\/img_a360182_w3716_t1574062765.jpg","height":0,"width":0},"keywords":null}]}