[{"@context":"https:\/\/schema.org\/","@type":"Article","@id":"https:\/\/www.brandel.cz\/bryle-ktere-ochrani-zrak\/#Article","mainEntityOfPage":"https:\/\/www.brandel.cz\/bryle-ktere-ochrani-zrak\/","headline":"Br\u00fdle, kter\u00e9 ochr\u00e1n\u00ed zrak","name":"Br\u00fdle, kter\u00e9 ochr\u00e1n\u00ed zrak","description":"V\u00fdhody polarizace asi poznali nejprve ti, jejich\u017e kon\u00ed\u010dkem nebo i povol\u00e1n\u00edm je fotografov\u00e1n\u00ed. Polariza\u010dn\u00ed filtr toti\u017e odstra\u0148uje nep\u0159\u00edjemn\u00e9 odlesky a zvy\u0161uje sytost barev. Krom\u011b toho dovede fotografii kr\u00e1sn\u011b projasnit. Od fotografie se tedy tyto v\u00fdhody postupn\u011b p\u0159enesly i do optiky. Br\u00fdle s t\u00edmto efektem maj\u00ed za \u00fakol chr\u00e1nit zrak p\u0159ed \u0161kodliv\u00fdm UV z\u00e1\u0159en\u00edm sni\u017eovat n\u00e1mahu [&hellip;]","datePublished":"2018-02-07","dateModified":"2023-04-26","author":{"@type":"Person","@id":"https:\/\/www.brandel.cz\/author\/#Person","name":"","url":"https:\/\/www.brandel.cz\/author\/","identifier":1,"image":{"@type":"ImageObject","@id":"https:\/\/secure.gravatar.com\/avatar\/91506ed60e31abe586276a3e1420719df081581a820344a28fa2034bb1a2fe22?s=96&d=mm&r=g","url":"https:\/\/secure.gravatar.com\/avatar\/91506ed60e31abe586276a3e1420719df081581a820344a28fa2034bb1a2fe22?s=96&d=mm&r=g","height":96,"width":96}},"publisher":{"@type":"Organization","name":"brandel.cz","logo":{"@type":"ImageObject","@id":"\/logo.png","url":"\/logo.png","width":600,"height":60}},"image":{"@type":"ImageObject","@id":"https:\/\/www.brandel.cz\/wp-content\/uploads\/img_a311897_w2435_t1522950741.jpg","url":"https:\/\/www.brandel.cz\/wp-content\/uploads\/img_a311897_w2435_t1522950741.jpg","height":0,"width":0},"url":"https:\/\/www.brandel.cz\/bryle-ktere-ochrani-zrak\/","about":["Zbo\u017e\u00ed"],"wordCount":401,"articleBody":"V\u00fdhody polarizace asi poznali nejprve ti, jejich\u017e kon\u00ed\u010dkem nebo i povol\u00e1n\u00edm je fotografov\u00e1n\u00ed. Polariza\u010dn\u00ed filtr toti\u017e odstra\u0148uje nep\u0159\u00edjemn\u00e9 odlesky a zvy\u0161uje sytost barev. Krom\u011b toho dovede fotografii kr\u00e1sn\u011b projasnit. Od fotografie se tedy tyto v\u00fdhody postupn\u011b p\u0159enesly i do optiky. Br\u00fdle s t\u00edmto efektem maj\u00ed za \u00fakol chr\u00e1nit zrak p\u0159ed \u0161kodliv\u00fdm UV z\u00e1\u0159en\u00edm sni\u017eovat n\u00e1mahu o\u010d\u00ed a t\u00edm i sni\u017eovat nadm\u011brnou \u00fanavu.  N\u011bkte\u0159\u00ed l\u00e9ka\u0159i dokonce tvrd\u00ed, \u017ee takov\u00e9to br\u00fdle p\u016fsob\u00ed preventivn\u011b proti \u0161ed\u00e9mu z\u00e1kalu a jin\u00fdm v\u011bkem podm\u00edn\u011bn\u00fdm degenerac\u00edm. Jsou tedy ide\u00e1ln\u00ed volbou pro ty, kdo\u017e si sv\u016fj zrak nam\u00e1haj\u00ed v\u00edce ne\u017eli ostatn\u00ed. K nim dozajista pat\u0159\u00ed \u0159idi\u010di, sportovci a tak\u00e9 ryb\u00e1\u0159i. Pokud jste se n\u011bkdy zad\u00edvali na vodn\u00ed hladinu v \u010dase kolem poledne, pak jist\u011b v\u00edte, o \u010dem je \u0159e\u010d. A d\u00edvat se na vodu n\u011bkolik minut, ba i hodin, je jist\u011b pro o\u010di neskute\u010dn\u00e1 z\u00e1t\u011b\u017e. Proto se sna\u017ete sv\u016fj zrak chr\u00e1nit a po\u0159i\u010fte si polariza\u010dn\u00ed br\u00fdle , dokud je \u010das. Uvid\u00edte, \u017ee kone\u010dn\u011b p\u0159estanou ty nep\u0159\u00edjemn\u00e9 bolesti hlavy, se kter\u00fdmi n\u011bkdy od vody odch\u00e1z\u00edte. Je p\u0159eci zbyte\u010dn\u00e9 jeden z na\u0161ich nejcitliv\u011bj\u0161\u00edch org\u00e1n\u016f nam\u00e1hat tolik, abychom ho p\u0159ed\u010dasn\u011b unavili. U\u017e \u017e\u00e1dn\u00e9 nep\u0159\u00edjemn\u00e9 z\u00e1blesky  Tato pom\u016fcka nen\u00ed ale v \u017e\u00e1dn\u00e9m p\u0159\u00edpad\u011b ur\u010den\u00e1 jen pro vybran\u00e9 skupiny u\u017eivatel\u016f. Tyto speci\u00e1ln\u00ed br\u00fdle mohou nosit v\u0161ichni, kte\u0159\u00ed se cht\u011bj\u00ed zodpov\u011bdn\u011b starat o sv\u016fj zrak. B\u011b\u017en\u00ed u\u017eivatel\u00e9 poznaj\u00ed v\u00fdhody nap\u0159\u00edklad p\u0159i letn\u00ed proch\u00e1zce, kdy se nebudou muset ob\u00e1vat st\u00e1l\u00e9ho osln\u011bn\u00ed od prosklen\u00fdch v\u00fdloh nebo okolo jedouc\u00edch automobil\u016f.  Krom\u011b toho budete moci poklidn\u011b \u010d\u00edst na slunci a nem\u00edt ve\u010der o\u010di jako po t\u00fddenn\u00edm fl\u00e1mov\u00e1n\u00ed. Je prok\u00e1z\u00e1no, \u017ee n\u011bkter\u00e1 m\u00edsta dok\u00e1\u017e\u00ed odrazit a\u017e osmdes\u00e1t procent slune\u010dn\u00edho z\u00e1\u0159en\u00ed. Nejv\u011bt\u0161\u00ed nebezpe\u010d\u00ed hroz\u00ed od \u010derstv\u011b napadan\u00e9ho sn\u011bhu a vodn\u00ed hladiny, od n\u00ed\u017e se odr\u00e1\u017eej\u00ed slune\u010dn\u00ed paprsky.                                                                                                                                                                                                                                                                                                                                                                                         2.5\/5 - (2 votes)        "},{"@context":"https:\/\/schema.org\/","@type":"BreadcrumbList","itemListElement":[{"@type":"ListItem","position":1,"name":"Br\u00fdle, kter\u00e9 ochr\u00e1n\u00ed zrak","item":"https:\/\/www.brandel.cz\/bryle-ktere-ochrani-zrak\/#breadcrumbitem"}]}]