[{"@context":"https:\/\/schema.org\/","@type":"Article","@id":"https:\/\/www.brandel.cz\/cistite-radi-okna\/#Article","mainEntityOfPage":"https:\/\/www.brandel.cz\/cistite-radi-okna\/","headline":"\u010cist\u00edte r\u00e1di okna?","name":"\u010cist\u00edte r\u00e1di okna?","description":"Je samoz\u0159ejm\u00e9, \u017ee maj\u00ed-li okna plnit svou nejz\u00e1kladn\u011bj\u0161\u00ed funkci, mus\u00ed b\u00fdt co nejpr\u016fhledn\u011bj\u0161\u00ed. Jinak by toti\u017e ti, kdo jsou uvnit\u0159, nevid\u011bli bez um\u011bl\u00e9ho osv\u011btlen\u00ed dost mo\u017en\u00e1 ani za toho nejslunn\u011bj\u0161\u00edho dne, a tit\u00ed\u017e by nem\u011bli ani tu\u0161en\u00ed o tom, co se odehr\u00e1v\u00e1 venku. Ov\u0161em je zn\u00e1mou pravdou, \u017ee a\u010dkoliv se okna vyr\u00e1b\u011bj\u00ed ze zm\u00edn\u011bn\u00e9ho d\u016fvodu [&hellip;]","datePublished":"2019-08-01","dateModified":"2023-04-26","author":{"@type":"Person","@id":"https:\/\/www.brandel.cz\/author\/#Person","name":"","url":"https:\/\/www.brandel.cz\/author\/","identifier":1,"image":{"@type":"ImageObject","@id":"https:\/\/secure.gravatar.com\/avatar\/91506ed60e31abe586276a3e1420719df081581a820344a28fa2034bb1a2fe22?s=96&d=mm&r=g","url":"https:\/\/secure.gravatar.com\/avatar\/91506ed60e31abe586276a3e1420719df081581a820344a28fa2034bb1a2fe22?s=96&d=mm&r=g","height":96,"width":96}},"publisher":{"@type":"Organization","name":"brandel.cz","logo":{"@type":"ImageObject","@id":"\/logo.png","url":"\/logo.png","width":600,"height":60}},"image":{"@type":"ImageObject","@id":"https:\/\/www.brandel.cz\/wp-content\/uploads\/img_a358077_w3716_t1572426712.jpg","url":"https:\/\/www.brandel.cz\/wp-content\/uploads\/img_a358077_w3716_t1572426712.jpg","height":0,"width":0},"url":"https:\/\/www.brandel.cz\/cistite-radi-okna\/","about":["Spole\u010dnosti"],"wordCount":427,"articleBody":"         Je samoz\u0159ejm\u00e9, \u017ee maj\u00ed-li okna plnit svou nejz\u00e1kladn\u011bj\u0161\u00ed funkci, mus\u00ed b\u00fdt co nejpr\u016fhledn\u011bj\u0161\u00ed. Jinak by toti\u017e ti, kdo jsou uvnit\u0159, nevid\u011bli bez um\u011bl\u00e9ho osv\u011btlen\u00ed dost mo\u017en\u00e1 ani za toho nejslunn\u011bj\u0161\u00edho dne, a tit\u00ed\u017e by nem\u011bli ani tu\u0161en\u00ed o tom, co se odehr\u00e1v\u00e1 venku. Ov\u0161em je zn\u00e1mou pravdou, \u017ee a\u010dkoliv se okna vyr\u00e1b\u011bj\u00ed ze zm\u00edn\u011bn\u00e9ho d\u016fvodu z pr\u016fhledn\u00e9ho skla, nikdy nez\u016fstanou pr\u016fhledn\u00e1 na v\u011b\u010dn\u00e9 \u010dasy a nikdy jinak. D\u0159\u00edve \u010di pozd\u011bji se vlivem okol\u00ed u\u0161pin\u00ed a ztrat\u00ed tak na sv\u00e9 dokonalosti. A aby v\u0161e bylo takov\u00e9, jak\u00e9 to m\u00e1 b\u00fdt, mus\u00ed se zkr\u00e1tka alespo\u0148 \u010das od \u010dasu vy\u010distit. Takov\u00e9 \u010di\u0161t\u011bn\u00ed zvl\u00e1dne teoreticky ka\u017ed\u00fd. Nen\u00ed na tom zd\u00e1nliv\u011b v\u016fbec nic slo\u017eit\u00e9ho. Takov\u00e9 okno se p\u0159ece namo\u010d\u00ed vodou nebo je\u0161t\u011b l\u00e9pe n\u011bjak\u00fdm p\u0159\u00edpravkem ur\u010den\u00fdm k tomuto \u00fa\u010delu, pak se to set\u0159e a je to. Ov\u0161em teorie je teorie a praxe praxe. A tak nejednou \u010dlov\u011bk zjist\u00ed, \u017ee i kdy\u017e se sna\u017eil sebev\u00edc, jsou na oschl\u00e9m okn\u011b tu skvrny a tu \u010dmouhy a nejednou je to po \u010di\u0161t\u011bn\u00ed snad je\u0161t\u011b hor\u0161\u00ed, ne\u017e to bylo p\u0159edt\u00edm. A \u010dlov\u011bk aby to \u010distil znovu a znovu, ne\u017e se to nakonec aspo\u0148 jak\u017e tak\u017e poda\u0159\u00ed. Proto\u017ee ne ka\u017ed\u00fd opl\u00fdv\u00e1 dovednostmi, jak\u00e9 byly d\u0159\u00edve vlastn\u00ed na\u0161im mamink\u00e1m a kdejak\u00e9 oby\u010dejn\u00e9 domovnici. A co d\u011blat, pokud se \u010dlov\u011bk nechce takto tr\u00fdznit? Pokud chce m\u00edt okna \u010dist\u00e1 rychle, spolehliv\u011b a na prvn\u00ed pokus? Pak je z\u0159ejm\u011b nejlep\u0161\u00ed nepokou\u0161et \u0161t\u011bst\u00ed a vsadit rovnou na myt\u00ed oken Praha. Proto\u017ee nen\u00ed rozhodn\u011b ostudou p\u0159iznat, \u017ee to n\u011bkdo um\u00ed l\u00edp, a p\u0159edat mu pomyslnou \u0161tafetu. Lid\u00e9 z t\u00e9to firmy toti\u017e \u010dinnosti jako myt\u00ed oken ovl\u00e1daj\u00ed v\u00edce ne\u017e bravurn\u011b. A a\u0165 se jedn\u00e1 o sklo okna v oby\u010dejn\u00e9m byt\u011b, ve v\u00fdloze obchodu nebo kdekoliv jinde, vy\u010dist\u00ed ho kdykoliv a naprosto dokonale. Porad\u00ed si s ka\u017ed\u00fdm oknem na Praze 4, 5, 6, 8, 9 a 10 a v p\u0159ilehl\u00e9m okol\u00ed, zat\u00edmco se jeho majitel m\u016f\u017ee v\u011bnovat \u010demukoliv jin\u00e9mu. A to kdykoliv. A \u0159ekn\u011bte sami \u2013 je lep\u0161\u00ed vsadit na profesion\u00e1ly, nebo se s t\u00edm \u0161mudlat sami?                                                                                                                                                                                                                                                                                                                                                                                          4\/5 - (4 votes)        "},{"@context":"https:\/\/schema.org\/","@type":"BreadcrumbList","itemListElement":[{"@type":"ListItem","position":1,"name":"\u010cist\u00edte r\u00e1di okna?","item":"https:\/\/www.brandel.cz\/cistite-radi-okna\/#breadcrumbitem"}]}]