{"@context":"https:\/\/schema.org\/","@type":"CollectionPage","@id":"https:\/\/www.brandel.cz\/deti\/#CollectionPage","headline":"D\u011bti Category","description":"","url":"https:\/\/www.brandel.cz\/deti\/","hasPart":[{"@type":"Article","@id":"https:\/\/www.brandel.cz\/vse-pro-vase-blaho\/","headline":"V\u0161e pro Va\u0161e blaho","url":"https:\/\/www.brandel.cz\/vse-pro-vase-blaho\/","datePublished":"2023-04-26","dateModified":"2023-04-26","mainEntityOfPage":"https:\/\/www.brandel.cz\/vse-pro-vase-blaho\/","author":{"@type":"Person","@id":"https:\/\/www.brandel.cz\/author\/#Person","name":"","url":"https:\/\/www.brandel.cz\/author\/","identifier":1,"image":{"@type":"ImageObject","@id":"https:\/\/secure.gravatar.com\/avatar\/91506ed60e31abe586276a3e1420719df081581a820344a28fa2034bb1a2fe22?s=96&d=mm&r=g","url":"https:\/\/secure.gravatar.com\/avatar\/91506ed60e31abe586276a3e1420719df081581a820344a28fa2034bb1a2fe22?s=96&d=mm&r=g","height":96,"width":96}},"publisher":{"@type":"Organization","name":"brandel.cz","logo":{"@type":"ImageObject","@id":"\/logo.png","url":"\/logo.png","width":600,"height":60}},"image":null,"keywords":null},{"@type":"Article","@id":"https:\/\/www.brandel.cz\/nevahejte-vyzkouset-neco-noveho\/","headline":"Nev\u00e1hejte vyzkou\u0161et n\u011bco nov\u00e9ho!","url":"https:\/\/www.brandel.cz\/nevahejte-vyzkouset-neco-noveho\/","datePublished":"2023-04-26","dateModified":"2023-04-26","mainEntityOfPage":"https:\/\/www.brandel.cz\/nevahejte-vyzkouset-neco-noveho\/","author":{"@type":"Person","@id":"https:\/\/www.brandel.cz\/author\/#Person","name":"","url":"https:\/\/www.brandel.cz\/author\/","identifier":1,"image":{"@type":"ImageObject","@id":"https:\/\/secure.gravatar.com\/avatar\/91506ed60e31abe586276a3e1420719df081581a820344a28fa2034bb1a2fe22?s=96&d=mm&r=g","url":"https:\/\/secure.gravatar.com\/avatar\/91506ed60e31abe586276a3e1420719df081581a820344a28fa2034bb1a2fe22?s=96&d=mm&r=g","height":96,"width":96}},"publisher":{"@type":"Organization","name":"brandel.cz","logo":{"@type":"ImageObject","@id":"\/logo.png","url":"\/logo.png","width":600,"height":60}},"image":null,"keywords":null},{"@type":"Article","@id":"https:\/\/www.brandel.cz\/krasne-nausnice-ktere-slusi-kazde-zene\/","headline":"Kr\u00e1sn\u00e9 n\u00e1u\u0161nice, kter\u00e9 slu\u0161\u00ed ka\u017ed\u00e9 \u017een\u011b","url":"https:\/\/www.brandel.cz\/krasne-nausnice-ktere-slusi-kazde-zene\/","datePublished":"2023-04-26","dateModified":"2023-04-26","mainEntityOfPage":"https:\/\/www.brandel.cz\/krasne-nausnice-ktere-slusi-kazde-zene\/","author":{"@type":"Person","@id":"https:\/\/www.brandel.cz\/author\/#Person","name":"","url":"https:\/\/www.brandel.cz\/author\/","identifier":1,"image":{"@type":"ImageObject","@id":"https:\/\/secure.gravatar.com\/avatar\/91506ed60e31abe586276a3e1420719df081581a820344a28fa2034bb1a2fe22?s=96&d=mm&r=g","url":"https:\/\/secure.gravatar.com\/avatar\/91506ed60e31abe586276a3e1420719df081581a820344a28fa2034bb1a2fe22?s=96&d=mm&r=g","height":96,"width":96}},"publisher":{"@type":"Organization","name":"brandel.cz","logo":{"@type":"ImageObject","@id":"\/logo.png","url":"\/logo.png","width":600,"height":60}},"image":null,"keywords":null},{"@type":"Article","@id":"https:\/\/www.brandel.cz\/dite-nechci\/","headline":"D\u00edt\u011b nechci!","url":"https:\/\/www.brandel.cz\/dite-nechci\/","datePublished":"2019-11-09","dateModified":"2023-04-26","mainEntityOfPage":"https:\/\/www.brandel.cz\/dite-nechci\/","author":{"@type":"Person","@id":"https:\/\/www.brandel.cz\/author\/#Person","name":"","url":"https:\/\/www.brandel.cz\/author\/","identifier":1,"image":{"@type":"ImageObject","@id":"https:\/\/secure.gravatar.com\/avatar\/91506ed60e31abe586276a3e1420719df081581a820344a28fa2034bb1a2fe22?s=96&d=mm&r=g","url":"https:\/\/secure.gravatar.com\/avatar\/91506ed60e31abe586276a3e1420719df081581a820344a28fa2034bb1a2fe22?s=96&d=mm&r=g","height":96,"width":96}},"publisher":{"@type":"Organization","name":"brandel.cz","logo":{"@type":"ImageObject","@id":"\/logo.png","url":"\/logo.png","width":600,"height":60}},"image":{"@type":"ImageObject","@id":"https:\/\/www.brandel.cz\/wp-content\/uploads\/img_a361146_w3716_t1574544305.jpg","url":"https:\/\/www.brandel.cz\/wp-content\/uploads\/img_a361146_w3716_t1574544305.jpg","height":0,"width":0},"keywords":null},{"@type":"Article","@id":"https:\/\/www.brandel.cz\/deti-skolni-vylety-miluji\/","headline":"D\u011bti \u0161koln\u00ed v\u00fdlety miluj\u00ed","url":"https:\/\/www.brandel.cz\/deti-skolni-vylety-miluji\/","datePublished":"2019-03-05","dateModified":"2023-04-26","mainEntityOfPage":"https:\/\/www.brandel.cz\/deti-skolni-vylety-miluji\/","author":{"@type":"Person","@id":"https:\/\/www.brandel.cz\/author\/#Person","name":"","url":"https:\/\/www.brandel.cz\/author\/","identifier":1,"image":{"@type":"ImageObject","@id":"https:\/\/secure.gravatar.com\/avatar\/91506ed60e31abe586276a3e1420719df081581a820344a28fa2034bb1a2fe22?s=96&d=mm&r=g","url":"https:\/\/secure.gravatar.com\/avatar\/91506ed60e31abe586276a3e1420719df081581a820344a28fa2034bb1a2fe22?s=96&d=mm&r=g","height":96,"width":96}},"publisher":{"@type":"Organization","name":"brandel.cz","logo":{"@type":"ImageObject","@id":"\/logo.png","url":"\/logo.png","width":600,"height":60}},"image":{"@type":"ImageObject","@id":"https:\/\/www.brandel.cz\/wp-content\/uploads\/img_a340117_w2238_t1553178662.jpg","url":"https:\/\/www.brandel.cz\/wp-content\/uploads\/img_a340117_w2238_t1553178662.jpg","height":0,"width":0},"keywords":null},{"@type":"Article","@id":"https:\/\/www.brandel.cz\/misto-plne-zabavy-ktere-si-vase-rodina-zamiluje\/","headline":"M\u00edsto pln\u00e9 z\u00e1bavy, kter\u00e9 si va\u0161e rodina zamiluje","url":"https:\/\/www.brandel.cz\/misto-plne-zabavy-ktere-si-vase-rodina-zamiluje\/","datePublished":"2018-10-14","dateModified":"2023-04-26","mainEntityOfPage":"https:\/\/www.brandel.cz\/misto-plne-zabavy-ktere-si-vase-rodina-zamiluje\/","author":{"@type":"Person","@id":"https:\/\/www.brandel.cz\/author\/#Person","name":"","url":"https:\/\/www.brandel.cz\/author\/","identifier":1,"image":{"@type":"ImageObject","@id":"https:\/\/secure.gravatar.com\/avatar\/91506ed60e31abe586276a3e1420719df081581a820344a28fa2034bb1a2fe22?s=96&d=mm&r=g","url":"https:\/\/secure.gravatar.com\/avatar\/91506ed60e31abe586276a3e1420719df081581a820344a28fa2034bb1a2fe22?s=96&d=mm&r=g","height":96,"width":96}},"publisher":{"@type":"Organization","name":"brandel.cz","logo":{"@type":"ImageObject","@id":"\/logo.png","url":"\/logo.png","width":600,"height":60}},"image":{"@type":"ImageObject","@id":"https:\/\/www.brandel.cz\/wp-content\/uploads\/img_a327627_w1697_t1539939218.jpg","url":"https:\/\/www.brandel.cz\/wp-content\/uploads\/img_a327627_w1697_t1539939218.jpg","height":0,"width":0},"keywords":null},{"@type":"Article","@id":"https:\/\/www.brandel.cz\/to-prave-pro-kazdeho\/","headline":"To prav\u00e9 pro ka\u017ed\u00e9ho","url":"https:\/\/www.brandel.cz\/to-prave-pro-kazdeho\/","datePublished":"2017-12-06","dateModified":"2023-04-26","mainEntityOfPage":"https:\/\/www.brandel.cz\/to-prave-pro-kazdeho\/","author":{"@type":"Person","@id":"https:\/\/www.brandel.cz\/author\/#Person","name":"","url":"https:\/\/www.brandel.cz\/author\/","identifier":1,"image":{"@type":"ImageObject","@id":"https:\/\/secure.gravatar.com\/avatar\/91506ed60e31abe586276a3e1420719df081581a820344a28fa2034bb1a2fe22?s=96&d=mm&r=g","url":"https:\/\/secure.gravatar.com\/avatar\/91506ed60e31abe586276a3e1420719df081581a820344a28fa2034bb1a2fe22?s=96&d=mm&r=g","height":96,"width":96}},"publisher":{"@type":"Organization","name":"brandel.cz","logo":{"@type":"ImageObject","@id":"\/logo.png","url":"\/logo.png","width":600,"height":60}},"image":{"@type":"ImageObject","@id":"https:\/\/www.brandel.cz\/wp-content\/uploads\/img_a306436_w2046_t1517772065.jpg","url":"https:\/\/www.brandel.cz\/wp-content\/uploads\/img_a306436_w2046_t1517772065.jpg","height":0,"width":0},"keywords":null},{"@type":"Article","@id":"https:\/\/www.brandel.cz\/jak-se-zbavit-problemu-s-erekci\/","headline":"Jak se zbavit probl\u00e9m\u016f s erekc\u00ed","url":"https:\/\/www.brandel.cz\/jak-se-zbavit-problemu-s-erekci\/","datePublished":"2017-09-09","dateModified":"2023-04-26","mainEntityOfPage":"https:\/\/www.brandel.cz\/jak-se-zbavit-problemu-s-erekci\/","author":{"@type":"Person","@id":"https:\/\/www.brandel.cz\/author\/#Person","name":"","url":"https:\/\/www.brandel.cz\/author\/","identifier":1,"image":{"@type":"ImageObject","@id":"https:\/\/secure.gravatar.com\/avatar\/91506ed60e31abe586276a3e1420719df081581a820344a28fa2034bb1a2fe22?s=96&d=mm&r=g","url":"https:\/\/secure.gravatar.com\/avatar\/91506ed60e31abe586276a3e1420719df081581a820344a28fa2034bb1a2fe22?s=96&d=mm&r=g","height":96,"width":96}},"publisher":{"@type":"Organization","name":"brandel.cz","logo":{"@type":"ImageObject","@id":"\/logo.png","url":"\/logo.png","width":600,"height":60}},"image":{"@type":"ImageObject","@id":"https:\/\/www.brandel.cz\/wp-content\/uploads\/img_a299896_w2091_t1509959990.jpg","url":"https:\/\/www.brandel.cz\/wp-content\/uploads\/img_a299896_w2091_t1509959990.jpg","height":0,"width":0},"keywords":null},{"@type":"Article","@id":"https:\/\/www.brandel.cz\/zkuste-super-momenty\/","headline":"Zkuste super momenty","url":"https:\/\/www.brandel.cz\/zkuste-super-momenty\/","datePublished":"2017-06-03","dateModified":"2023-04-26","mainEntityOfPage":"https:\/\/www.brandel.cz\/zkuste-super-momenty\/","author":{"@type":"Person","@id":"https:\/\/www.brandel.cz\/author\/#Person","name":"","url":"https:\/\/www.brandel.cz\/author\/","identifier":1,"image":{"@type":"ImageObject","@id":"https:\/\/secure.gravatar.com\/avatar\/91506ed60e31abe586276a3e1420719df081581a820344a28fa2034bb1a2fe22?s=96&d=mm&r=g","url":"https:\/\/secure.gravatar.com\/avatar\/91506ed60e31abe586276a3e1420719df081581a820344a28fa2034bb1a2fe22?s=96&d=mm&r=g","height":96,"width":96}},"publisher":{"@type":"Organization","name":"brandel.cz","logo":{"@type":"ImageObject","@id":"\/logo.png","url":"\/logo.png","width":600,"height":60}},"image":{"@type":"ImageObject","@id":"https:\/\/www.brandel.cz\/wp-content\/uploads\/img_a290031_w2020_t1501854431.jpg","url":"https:\/\/www.brandel.cz\/wp-content\/uploads\/img_a290031_w2020_t1501854431.jpg","height":0,"width":0},"keywords":null},{"@type":"Article","@id":"https:\/\/www.brandel.cz\/hezka-vzpominka-i-sjednoceni-kolektivu-zkuste-potisknuty-textil\/","headline":"Hezk\u00e1 vzpom\u00ednka i sjednocen\u00ed kolektivu, zkuste potisknut\u00fd textil","url":"https:\/\/www.brandel.cz\/hezka-vzpominka-i-sjednoceni-kolektivu-zkuste-potisknuty-textil\/","datePublished":"2017-05-18","dateModified":"2023-04-26","mainEntityOfPage":"https:\/\/www.brandel.cz\/hezka-vzpominka-i-sjednoceni-kolektivu-zkuste-potisknuty-textil\/","author":{"@type":"Person","@id":"https:\/\/www.brandel.cz\/author\/#Person","name":"","url":"https:\/\/www.brandel.cz\/author\/","identifier":1,"image":{"@type":"ImageObject","@id":"https:\/\/secure.gravatar.com\/avatar\/91506ed60e31abe586276a3e1420719df081581a820344a28fa2034bb1a2fe22?s=96&d=mm&r=g","url":"https:\/\/secure.gravatar.com\/avatar\/91506ed60e31abe586276a3e1420719df081581a820344a28fa2034bb1a2fe22?s=96&d=mm&r=g","height":96,"width":96}},"publisher":{"@type":"Organization","name":"brandel.cz","logo":{"@type":"ImageObject","@id":"\/logo.png","url":"\/logo.png","width":600,"height":60}},"image":{"@type":"ImageObject","@id":"https:\/\/www.brandel.cz\/wp-content\/uploads\/img_a288590_w2036_t1499177304.jpg","url":"https:\/\/www.brandel.cz\/wp-content\/uploads\/img_a288590_w2036_t1499177304.jpg","height":0,"width":0},"keywords":null}]}