[{"@context":"https:\/\/schema.org\/","@type":"Article","@id":"https:\/\/www.brandel.cz\/doma-se-mame-vzdy-citit-prijemne\/#Article","mainEntityOfPage":"https:\/\/www.brandel.cz\/doma-se-mame-vzdy-citit-prijemne\/","headline":"Doma se m\u00e1me v\u017edy c\u00edtit p\u0159\u00edjemn\u011b","name":"Doma se m\u00e1me v\u017edy c\u00edtit p\u0159\u00edjemn\u011b","description":"Jakmile se nast\u011bhujeme do nov\u00e9ho domu, tak n\u00e1m zpravidla sta\u010d\u00ed jeden rok k tomu, abychom zjistili, kde jsou jeho slabiny. A ty se nejl\u00e9pe projev\u00ed p\u0159i extr\u00e9mn\u00edch klimatick\u00fdch podm\u00ednk\u00e1ch, tedy v l\u00e9t\u011b v t\u011bch nejv\u011bt\u0161\u00edch vedrech a v zim\u011b v hlubok\u00fdch mrazech. To jsou teploty, p\u0159i kter\u00fdch si uv\u011bdom\u00edme, zda neplat\u00edme a\u017e p\u0159\u00edli\u0161 mnoho pen\u011bz [&hellip;]","datePublished":"2017-08-24","dateModified":"2023-04-26","author":{"@type":"Person","@id":"https:\/\/www.brandel.cz\/author\/#Person","name":"","url":"https:\/\/www.brandel.cz\/author\/","identifier":1,"image":{"@type":"ImageObject","@id":"https:\/\/secure.gravatar.com\/avatar\/91506ed60e31abe586276a3e1420719df081581a820344a28fa2034bb1a2fe22?s=96&d=mm&r=g","url":"https:\/\/secure.gravatar.com\/avatar\/91506ed60e31abe586276a3e1420719df081581a820344a28fa2034bb1a2fe22?s=96&d=mm&r=g","height":96,"width":96}},"publisher":{"@type":"Organization","name":"brandel.cz","logo":{"@type":"ImageObject","@id":"\/logo.png","url":"\/logo.png","width":600,"height":60}},"image":{"@type":"ImageObject","@id":"https:\/\/www.brandel.cz\/wp-content\/uploads\/img_a298492_w2152_t1508839278.jpg","url":"https:\/\/www.brandel.cz\/wp-content\/uploads\/img_a298492_w2152_t1508839278.jpg","height":0,"width":0},"url":"https:\/\/www.brandel.cz\/doma-se-mame-vzdy-citit-prijemne\/","about":["Zbo\u017e\u00ed"],"wordCount":427,"articleBody":"Jakmile se nast\u011bhujeme do nov\u00e9ho domu, tak n\u00e1m zpravidla sta\u010d\u00ed jeden rok k tomu, abychom zjistili, kde jsou jeho slabiny. A ty se nejl\u00e9pe projev\u00ed p\u0159i extr\u00e9mn\u00edch klimatick\u00fdch podm\u00ednk\u00e1ch, tedy v l\u00e9t\u011b v t\u011bch nejv\u011bt\u0161\u00edch vedrech a v zim\u011b v hlubok\u00fdch mrazech. To jsou teploty, p\u0159i kter\u00fdch si uv\u011bdom\u00edme, zda neplat\u00edme a\u017e p\u0159\u00edli\u0161 mnoho pen\u011bz za energie, tedy p\u0159edev\u0161\u00edm za vyt\u00e1p\u011bn\u00ed, a zda v l\u00e9t\u011b netrp\u00edme kv\u016fli p\u0159eh\u0159\u00edv\u00e1n\u00ed vnit\u0159n\u00edho prostoru. Jen\u017ee co s t\u00edm? Pokud se \u010dlov\u011bk zrovna nast\u011bhuje do nov\u011b postaven\u00e9ho anebo rekonstruovan\u00e9ho domu, tak nem\u00edv\u00e1 p\u0159\u00edli\u0161 pen\u011bz nazbyt, aby jej hned n\u00e1sleduj\u00edc\u00ed sez\u00f3nu za\u010dal p\u0159estavovat a zlep\u0161ovat jeho izola\u010dn\u00ed schopnosti. A\u0165 je horko nebo zima, mus\u00edme m\u00edt doma p\u0159\u00edjemn\u00e9 klima Av\u0161ak nen\u00ed t\u0159eba hned zoufat. Existuje cel\u00e1 \u0159ada men\u0161\u00edch a t\u00edm p\u00e1dem i cenov\u011b p\u0159ijateln\u00fdch \u0159e\u0161en\u00ed, jak celou v\u011bc vy\u0159e\u0161it a nen\u00ed proto nutn\u00e9 hned investovat do komplexn\u00edho zateplen\u00ed a v\u00fdm\u011bny v\u0161ech oken, i kdy\u017e by se jist\u011b jednalo o dobr\u00e9 \u0159e\u0161en\u00ed. Ov\u0161em pokud si jej m\u016f\u017eete dovolit nejen z finan\u010dn\u00edho hlediska. N\u011bkdy toti\u017e takov\u00e9mu \u0159e\u0161en\u00ed br\u00e1n\u00ed i pam\u00e1tkov\u00e1 ochrana objektu, a tak podobn\u011b. T\u00edm sp\u00ed\u0161e je lep\u0161\u00ed se zam\u011b\u0159it na men\u0161\u00ed opat\u0159en\u00ed, kter\u00fdmi lze podm\u00ednky v na\u0161em dom\u011b \u010di byt\u011b v\u00fdrazn\u011b zlep\u0161it, p\u0159\u00edli\u0161 mnoho za to neutratit, a je\u0161t\u011b vyhov\u011bt v\u0161em p\u0159edpis\u016fm. A takov\u00fdm vhodn\u00fdm opat\u0159en\u00edm m\u016f\u017ee b\u00fdt st\u00edn\u00edc\u00ed technika Ostrava. Ta zahrnuje hned celou \u0161k\u00e1lu st\u00edn\u00edc\u00edch prvk\u016f, kter\u00fdmi m\u016f\u017eeme klima ve vnit\u0159n\u00edm prostoru na\u0161eho domu efektivn\u011b ovliv\u0148ovat. A z\u00e1le\u017e\u00ed na n\u00e1s, zda si k tomu rad\u011bji zvol\u00edme spolehliv\u00e9 venkovn\u00ed \u017ealuzie \u010di rolety, zda si proti slunci um\u00edst\u00edme na fas\u00e1du mark\u00fdzu anebo zda s\u00e1hneme po cenov\u011b velice p\u0159\u00edzniv\u00e9m vnit\u0159n\u00edm l\u00e1tkov\u00e9m st\u00edn\u011bn\u00ed. Mo\u017enost\u00ed je k dispozici hned cel\u00e1 \u0159ada a jist\u00e9 je, \u017ee si z nich ka\u017ed\u00fd vybere p\u0159esn\u011b takovou, kter\u00e1 mu bude po v\u0161ech str\u00e1nk\u00e1ch nejl\u00e9pe vyhovovat.                                                                                                                                                                                                                                                                                                                                                                                         5\/5 - (1 vote)        "},{"@context":"https:\/\/schema.org\/","@type":"BreadcrumbList","itemListElement":[{"@type":"ListItem","position":1,"name":"Doma se m\u00e1me v\u017edy c\u00edtit p\u0159\u00edjemn\u011b","item":"https:\/\/www.brandel.cz\/doma-se-mame-vzdy-citit-prijemne\/#breadcrumbitem"}]}]