[{"@context":"https:\/\/schema.org\/","@type":"Article","@id":"https:\/\/www.brandel.cz\/fotografie-ve-vas-dokazou-vyvolat-emoce\/#Article","mainEntityOfPage":"https:\/\/www.brandel.cz\/fotografie-ve-vas-dokazou-vyvolat-emoce\/","headline":"Fotografie ve V\u00e1s dok\u00e1\u017eou vyvolat emoce","name":"Fotografie ve V\u00e1s dok\u00e1\u017eou vyvolat emoce","description":"Jestli\u017ee nap\u0159\u00edklad pl\u00e1nujete maturitn\u00ed ples, svatbu nebo jinou ud\u00e1lost, kter\u00e1 se v \u017eivot\u011b ji\u017e nebude opakovat, tak m\u00e1te tu mo\u017enost, naj\u00edt si n\u011bjak\u00e9ho \u010dlov\u011bka, kter\u00fd se specializuje na focen\u00ed a m\u00e1 na n\u011bj i speci\u00e1ln\u00ed techniku, kterou nem\u00e1 ka\u017ed\u00fd. Tato technika nen\u00ed nejlevn\u011bj\u0161\u00ed a po\u0159izuj\u00ed si j\u00ed v\u011bt\u0161inou jen lid\u00e9, kte\u0159\u00ed maj\u00ed opravdu ji\u017e n\u011bco [&hellip;]","datePublished":"2019-06-25","dateModified":"2023-08-23","author":{"@type":"Person","@id":"https:\/\/www.brandel.cz\/author\/#Person","name":"","url":"https:\/\/www.brandel.cz\/author\/","identifier":1,"image":{"@type":"ImageObject","@id":"https:\/\/secure.gravatar.com\/avatar\/91506ed60e31abe586276a3e1420719df081581a820344a28fa2034bb1a2fe22?s=96&d=mm&r=g","url":"https:\/\/secure.gravatar.com\/avatar\/91506ed60e31abe586276a3e1420719df081581a820344a28fa2034bb1a2fe22?s=96&d=mm&r=g","height":96,"width":96}},"publisher":{"@type":"Organization","name":"brandel.cz","logo":{"@type":"ImageObject","@id":"\/logo.png","url":"\/logo.png","width":600,"height":60}},"image":{"@type":"ImageObject","@id":"https:\/\/www.brandel.cz\/wp-content\/uploads\/img_a356783_w3716_t1571394143.jpg","url":"https:\/\/www.brandel.cz\/wp-content\/uploads\/img_a356783_w3716_t1571394143.jpg","height":0,"width":0},"url":"https:\/\/www.brandel.cz\/fotografie-ve-vas-dokazou-vyvolat-emoce\/","about":["Z\u00e1bava"],"wordCount":408,"articleBody":"          Jestli\u017ee nap\u0159\u00edklad pl\u00e1nujete maturitn\u00ed ples, svatbu nebo jinou ud\u00e1lost, kter\u00e1 se v \u017eivot\u011b ji\u017e nebude opakovat, tak m\u00e1te tu mo\u017enost, naj\u00edt si n\u011bjak\u00e9ho \u010dlov\u011bka, kter\u00fd se specializuje na focen\u00ed a m\u00e1 na n\u011bj i speci\u00e1ln\u00ed techniku, kterou nem\u00e1 ka\u017ed\u00fd. Tato technika nen\u00ed nejlevn\u011bj\u0161\u00ed a po\u0159izuj\u00ed si j\u00ed v\u011bt\u0161inou jen lid\u00e9, kte\u0159\u00ed maj\u00ed opravdu ji\u017e n\u011bco nau\u010den\u00e9ho. Samoz\u0159ejm\u011b, \u017ee ka\u017ed\u00fd v dne\u0161n\u00ed dob\u011b vlastn\u00edme telefon \u2013 chytr\u00fd telefon, kter\u00fd ji\u017e fo\u0165\u00e1k m\u00e1, ale pokud budete na n\u011bjak\u00e9 oslav\u011b, tak je lep\u0161\u00ed si ji u\u017e\u00edt pln\u00fdmi dou\u0161ky ne\u017e m\u00edt neust\u00e1le v ruce telefon a sledovat, zda je v\u0161e dob\u0159e nastaven\u00e9, zaost\u0159en\u00e9 atd. Od toho m\u016f\u017eeme vyu\u017e\u00edt slu\u017ebu prof\u00edka \u2013 tedy najmout si jej. Je dobr\u00e9 se s n\u00edm p\u0159edem sej\u00edt, ka\u017ed\u00fd toti\u017e m\u016f\u017ee m\u00edt jin\u00e9 p\u0159edstavy a tak\u00e9 byste si nemuseli sednout. Je pot\u0159eba, aby V\u00e1m byl \u010dlov\u011bk, kter\u00fd V\u00e1s bude \u201edirigovat\u201c ohledn\u00e9 p\u00f3z a podobn\u011b p\u0159\u00edjemn\u00fd. Kdyby V\u00e1m jeho vyjad\u0159ov\u00e1n\u00ed p\u0159i\u0161lo ji\u017e od za\u010d\u00e1tku protivn\u00e9, tak byste mohli b\u00fdt v z\u00e1v\u011bru nespokojen\u00ed s jeho p\u0159\u00edstupem. Je tedy dobr\u00e9 vyb\u00edrat nejen podle kvality, ale tak\u00e9 podle p\u0159\u00edstupu. Nemus\u00ed se jednat jen o ud\u00e1losti. Pokud se n\u00e1m v rodin\u011b narod\u00ed miminko, tak mnoho rodi\u010d\u016f jej vyfot\u00ed a pot\u00e9 \u201epostnou\u201c fotografii na soci\u00e1ln\u00ed s\u00ed\u0165 a t\u00edm ozn\u00e1m\u00ed sv\u011btu p\u0159\u00edchod jejich potomka. Jejich potomek \u010dasem za\u010dne rychle r\u016fst a mnoho rodi\u010d\u016f si moment, kdy je jejich d\u011b\u0165\u00e1tko je\u0161t\u011b malink\u00e9 cht\u011bj\u00ed zaznamenat. K tomu vyu\u017e\u00edv\u00e1me fotografy\/fotografky, kter\u00e9 maj\u00ed ateli\u00e9r a n\u011bjak n\u00e1m fotku nastylizuj\u00ed. Nap\u0159\u00edklad fotografka ve Zl\u00edn\u011b se specializuje na focen\u00ed t\u011bhotn\u00fdch \u017een, novorozenc\u016f, rodin a d\u011bt\u00ed. Je tedy jasn\u00e9, \u017ee u\u017e nejsp\u00ed\u0161 m\u00e1 n\u011bjak\u00e9 zku\u0161enosti s d\u011btmi a nebude tedy obt\u00ed\u017en\u00e9 vytvo\u0159it n\u011bjakou p\u011bknou vzpom\u00ednkovou fotografii na d\u011btstv\u00ed Va\u0161eho mil\u00e1\u010dka. P\u0159\u00edpadn\u011b, ne\u017e se je\u0161t\u011b narod\u00ed, tak m\u016f\u017ee vyfotit V\u00e1s a partnera, abyste m\u011bli vzpom\u00ednku na Va\u0161e t\u011bhotensk\u00e9 b\u0159\u00ed\u0161ko a jak moc V\u00e1m to slu\u0161elo!                                                                                                                                                                                                                                                                                                                                                                                          4.7\/5 - (3 votes)        "},{"@context":"https:\/\/schema.org\/","@type":"BreadcrumbList","itemListElement":[{"@type":"ListItem","position":1,"name":"Fotografie ve V\u00e1s dok\u00e1\u017eou vyvolat emoce","item":"https:\/\/www.brandel.cz\/fotografie-ve-vas-dokazou-vyvolat-emoce\/#breadcrumbitem"}]}]