[{"@context":"https:\/\/schema.org\/","@type":"Article","@id":"https:\/\/www.brandel.cz\/kdyz-jsou-horka-prilis-horka\/#Article","mainEntityOfPage":"https:\/\/www.brandel.cz\/kdyz-jsou-horka-prilis-horka\/","headline":"Kdy\u017e jsou horka p\u0159\u00edli\u0161 hork\u00e1","name":"Kdy\u017e jsou horka p\u0159\u00edli\u0161 hork\u00e1","description":"Pokud sledujete, jak se drasticky m\u011bn\u00ed klimatick\u00e9 podneb\u00ed u n\u00e1s v \u010cesk\u00e9 republice, mus\u00edte b\u00fdt doslova vystra\u0161eni, hlavn\u011b, pokud m\u00e1te doma v zim\u011b po\u0159\u00e1dnou kosu a v l\u00e9t\u011b je tam zase k nevydr\u017een\u00ed kv\u016fli pe\u010d\u00edc\u00edmu slunku. To v\u00e1s tedy ur\u010dit\u011b nepot\u011b\u0161\u00edme, kdy\u017e \u0159ekneme, \u017ee teploty maj\u00ed r\u016fst \u010d\u00edm d\u00e1l t\u00edm v\u00edc a m\u016f\u017ee se taky [&hellip;]","datePublished":"2019-08-01","dateModified":"2023-04-26","author":{"@type":"Person","@id":"https:\/\/www.brandel.cz\/author\/#Person","name":"","url":"https:\/\/www.brandel.cz\/author\/","identifier":1,"image":{"@type":"ImageObject","@id":"https:\/\/secure.gravatar.com\/avatar\/91506ed60e31abe586276a3e1420719df081581a820344a28fa2034bb1a2fe22?s=96&d=mm&r=g","url":"https:\/\/secure.gravatar.com\/avatar\/91506ed60e31abe586276a3e1420719df081581a820344a28fa2034bb1a2fe22?s=96&d=mm&r=g","height":96,"width":96}},"publisher":{"@type":"Organization","name":"brandel.cz","logo":{"@type":"ImageObject","@id":"\/logo.png","url":"\/logo.png","width":600,"height":60}},"image":{"@type":"ImageObject","@id":"https:\/\/www.brandel.cz\/wp-content\/uploads\/img_a357151_w3716_t1571764263.jpg","url":"https:\/\/www.brandel.cz\/wp-content\/uploads\/img_a357151_w3716_t1571764263.jpg","height":0,"width":0},"url":"https:\/\/www.brandel.cz\/kdyz-jsou-horka-prilis-horka\/","about":["Zbo\u017e\u00ed"],"wordCount":412,"articleBody":"          Pokud sledujete, jak se drasticky m\u011bn\u00ed klimatick\u00e9 podneb\u00ed u n\u00e1s v \u010cesk\u00e9 republice, mus\u00edte b\u00fdt doslova vystra\u0161eni, hlavn\u011b, pokud m\u00e1te doma v zim\u011b po\u0159\u00e1dnou kosu a v l\u00e9t\u011b je tam zase k nevydr\u017een\u00ed kv\u016fli pe\u010d\u00edc\u00edmu slunku. To v\u00e1s tedy ur\u010dit\u011b nepot\u011b\u0161\u00edme, kdy\u017e \u0159ekneme, \u017ee teploty maj\u00ed r\u016fst \u010d\u00edm d\u00e1l t\u00edm v\u00edc a m\u016f\u017ee se taky st\u00e1t, \u017ee se n\u00e1m podneb\u00ed zm\u011bn\u00ed na \u00fapln\u011b jin\u00e9, ne\u017e jsme zvykl\u00ed a ne\u017e jsou na\u0161e dom\u00e1cnosti uzp\u016fsobeny. Zimy budou krut\u011bj\u0161\u00ed ne\u017e p\u0159edt\u00edm, vedra budou nesnesiteln\u011bj\u0161\u00ed.  My v\u0161ak pro v\u00e1s m\u00e1me ide\u00e1ln\u00ed \u0159e\u0161en\u00ed, kter\u00e9 v\u00e1m pom\u016f\u017ee, a je\u0161t\u011b k tomu v\u0161emu budete schopni odol\u00e1vat nep\u0159\u00edzniv\u00fdm vliv\u016fm po\u010das\u00ed dlouho pot\u00e9, co v\u016fbec nastane. klimatizace do bytu https:\/\/elmontech.cz\/klimatizace\/ je jedno z t\u011bch \u0159e\u0161en\u00ed, kter\u00e9 v\u00e1m m\u016f\u017ee zachr\u00e1nit ku\u017ei. Klimatizace do bytu je toti\u017e ide\u00e1ln\u00ed \u0159e\u0161en\u00ed pro nezvladateln\u00e9 podnebn\u00e9 podm\u00ednky, kter\u00e9 n\u00e1s nutn\u011b zas\u00e1hnou a jdou po\u0159\u00eddit nyn\u00ed opravdu levn\u011b, d\u00edky tomu, \u017ee lid\u00e9 je\u0161t\u011b nesta\u010dili dostate\u010dn\u011b dob\u0159e zareagovat na bl\u00ed\u017e\u00edc\u00ed se klimatickou zm\u011bnu. NA jihu jsou klimatizace do bytu b\u011b\u017enou sou\u010d\u00e1st\u00ed ka\u017ed\u00e9 dom\u00e1cnosti, opravdu, nenajdete ani jednu dom\u00e1cnost, kde by nem\u011bli klimatizaci, kter\u00e1 v noci \u010di ve dne jede non-stop, hlavn\u011b pokud lid\u00e9 pracuj\u00ed z domu \u010di cht\u011bj\u00ed tr\u00e1vit voln\u00fd den v klidu a pohod\u011b, ne s t\u00edm, \u017ee se pomalu jako ku\u0159ata va\u0159\u00ed ve sv\u00e9 vlastn\u00ed \u0161\u0165\u00e1v\u011b.  Je to vhodn\u00e9 \u0159e\u0161en\u00ed skoro pro v\u0161echny dom\u00e1cnosti, a\u0165 u\u017e \u017eijete v panel\u00e1ku, v byt\u011b \u010di ve vlastn\u00edm dom\u011b. Nen\u00ed t\u0159eba v\u016fbec \u017e\u00e1dn\u00fdch v\u00e1\u017en\u00fdch stavebn\u00edch \u00faprav \u010di ni\u010deho, co byste nezvl\u00e1dli vy sami, nebo pokud jste tro\u0161ku nezku\u0161en\u011bj\u0161\u00ed v t\u00e9to oblasti, co by nezvl\u00e1dl \u0161ikovn\u00fd soused nebo \u0159emesln\u00edk. Nainstalovat je to velice jednoduch\u00e9, nezabere to moc \u010dasu a zaru\u010d\u00ed v\u00e1m to p\u0159\u00edjemn\u00e9 dny, a\u0165 u\u017e je venku zima, vedro nebo n\u011bco mezit\u00edm. Pod\u00edvejte se na na\u0161i nab\u00eddku je\u0161t\u011b dnes a ur\u010dit\u011b si vyberete z cenov\u011b dostupn\u00fdch klimatizac\u00ed i pro va\u0161i dom\u00e1cnost.                                                                                                                                                                                                                                                                                                                                                                                          5\/5 - (3 votes)        "},{"@context":"https:\/\/schema.org\/","@type":"BreadcrumbList","itemListElement":[{"@type":"ListItem","position":1,"name":"Kdy\u017e jsou horka p\u0159\u00edli\u0161 hork\u00e1","item":"https:\/\/www.brandel.cz\/kdyz-jsou-horka-prilis-horka\/#breadcrumbitem"}]}]