[{"@context":"https:\/\/schema.org\/","@type":"Article","@id":"https:\/\/www.brandel.cz\/menopauza-vam-prevrati-zivot-na-ruby-a-stejne-to-budete-muset-zvladnout\/#Article","mainEntityOfPage":"https:\/\/www.brandel.cz\/menopauza-vam-prevrati-zivot-na-ruby-a-stejne-to-budete-muset-zvladnout\/","headline":"Menopauza v\u00e1m p\u0159evr\u00e1t\u00ed \u017eivot na ruby a stejn\u011b to budete muset zvl\u00e1dnout","name":"Menopauza v\u00e1m p\u0159evr\u00e1t\u00ed \u017eivot na ruby a stejn\u011b to budete muset zvl\u00e1dnout","description":"Jestli\u017ee m\u00e1te pocit jako byste se ze dne na den ocitla v \u00fapln\u011b jin\u00e9m sv\u011bt\u011b, jestli\u017ee v\u00e1s p\u0159epad\u00e1 deprese, a\u0165 u\u017e d\u011bl\u00e1te cokoli, a jestli\u017ee m\u00e1te pocit, \u017ee v\u00e1s va\u0161e t\u011blo zrazuje a bol\u00ed, tak do va\u0161eho \u017eivota pravd\u011bpodobn\u011b vstoupila menopauza a vy pokra\u010dujete zase o kus d\u00e1l \u2013 od plodnosti k jej\u00ed ztr\u00e1t\u011b a [&hellip;]","datePublished":"2017-12-07","dateModified":"2023-04-26","author":{"@type":"Person","@id":"https:\/\/www.brandel.cz\/author\/#Person","name":"","url":"https:\/\/www.brandel.cz\/author\/","identifier":1,"image":{"@type":"ImageObject","@id":"https:\/\/secure.gravatar.com\/avatar\/91506ed60e31abe586276a3e1420719df081581a820344a28fa2034bb1a2fe22?s=96&d=mm&r=g","url":"https:\/\/secure.gravatar.com\/avatar\/91506ed60e31abe586276a3e1420719df081581a820344a28fa2034bb1a2fe22?s=96&d=mm&r=g","height":96,"width":96}},"publisher":{"@type":"Organization","name":"brandel.cz","logo":{"@type":"ImageObject","@id":"\/logo.png","url":"\/logo.png","width":600,"height":60}},"image":{"@type":"ImageObject","@id":"https:\/\/www.brandel.cz\/wp-content\/uploads\/img_a306255_w2211_t1517398740.jpg","url":"https:\/\/www.brandel.cz\/wp-content\/uploads\/img_a306255_w2211_t1517398740.jpg","height":0,"width":0},"url":"https:\/\/www.brandel.cz\/menopauza-vam-prevrati-zivot-na-ruby-a-stejne-to-budete-muset-zvladnout\/","about":["Technika"],"wordCount":449,"articleBody":"Jestli\u017ee m\u00e1te pocit jako byste se ze dne na den ocitla v \u00fapln\u011b jin\u00e9m sv\u011bt\u011b, jestli\u017ee v\u00e1s p\u0159epad\u00e1 deprese, a\u0165 u\u017e d\u011bl\u00e1te cokoli, a jestli\u017ee m\u00e1te pocit, \u017ee v\u00e1s va\u0161e t\u011blo zrazuje a bol\u00ed, tak do va\u0161eho \u017eivota pravd\u011bpodobn\u011b vstoupila menopauza a vy pokra\u010dujete zase o kus d\u00e1l \u2013 od plodnosti k jej\u00ed ztr\u00e1t\u011b a t\u00edm i k hled\u00e1n\u00ed nov\u00fdch \u017eivotn\u00edch hodnot. A \u0159ekn\u011bme si na rovinu, \u017ee to v\u016fbec nen\u00ed snadn\u00e9. Mo\u017en\u00e1 m\u00e1te pr\u00e1v\u011b pr\u00e1vem pocit jako by v\u00e1s n\u011bkdo proti va\u0161\u00ed v\u016fli vt\u00e1hnul do \u00fapln\u011b jin\u00e9ho sv\u011bta, ve kter\u00e9m se nyn\u00ed cht\u011b necht\u011b mus\u00edte nau\u010dit \u017e\u00edt. Jen\u017ee probl\u00e9m tkv\u00ed v tom, \u017ee nov\u00e1 p\u0159\u00edtomnost se v\u00e1m ani trochu nezamlouv\u00e1. V\u0161echny kulisy jsou velmi podobn\u00e9 t\u011bm p\u0159edchoz\u00edm, ale s t\u00edm rozd\u00edlem, \u017ee jsou najednou tak n\u011bjak \u0161ed\u00e9. To, co bylo d\u0159\u00edve \u0161\u0165avnat\u00e9 a chutn\u00e9, v\u00e1\u0161 \u017eivot, kter\u00fd p\u0159ekypoval \u0161\u0165\u00e1vou a sv\u011b\u017eest\u00ed je najednou bez chuti a bez z\u00e1pachu, je neslan\u00fd a nemastn\u00fd. V\u0161ichni lid\u00e9 v\u00e1m najednou tak n\u011bjak lezou na nervy a sv\u00e9ho partnera nem\u016f\u017eete ani vyst\u00e1t, stejn\u011b tak jako on zoufale z\u00e1pas\u00ed s va\u0161imi n\u00e1hl\u00fdmi zm\u011bnami n\u00e1lady a v\u016fbec se mu to neda\u0159\u00ed, on v\u00e1m zkr\u00e1tka najednou v\u016fbec nerozum\u00ed. A vlastn\u011b v\u00e1m nerozum\u00ed v\u016fbec nikdo, a je\u0161t\u011b ke v\u0161emu je va\u0161e t\u011blo bolav\u00e9 a citliv\u00e9 a vy jste ze v\u0161eho stra\u0161n\u011b moc unaven\u00e1. A nejhor\u0161\u00ed na tom v\u0161em je, \u017ee \u010dlov\u011bk si nem\u016f\u017ee nikam zal\u00e9zt, aby to v\u0161e p\u0159etrp\u011bl. Nem\u016f\u017ee si \u0159\u00edct, \u017ee to t\u0159eba t\u00fdden anebo klidn\u011b i m\u011bs\u00edc n\u011bjak p\u0159etrp\u00ed a bude klid, v\u0161echny p\u0159\u00edznaky menopauzy odezn\u00ed a bude si moci znovu u\u017e\u00edvat \u017eivota. Ta p\u0159edstava, \u017ee ta zm\u011bna u\u017e je trval\u00e1 a nevratn\u00e1 je snad t\u00edm nejbolestn\u011bj\u0161\u00edm, co m\u016f\u017ee p\u0159ij\u00edt. Nicm\u00e9n\u011b i tak jde \u017eivot d\u00e1l, a n\u00e1m, mil\u00e9 d\u00e1my, nezb\u00fdv\u00e1, ne\u017e se se svou novou situac\u00ed sm\u00ed\u0159it a nau\u010dit se znovu \u017e\u00edt s radost\u00ed, a\u0165 u\u017e bude nov\u00fd \u017eivot, jak\u00fd je. \u010clov\u011bk si zkr\u00e1tka vybrat nem\u016f\u017ee, i kdy\u017e by si vyb\u00edrat opravdu hodn\u011b cht\u011bl. Zvolit si m\u016f\u017eeme jen to, jak se k t\u00e9 nov\u00e9 situaci postav\u00edme.                                                                                                                                                                                                                                                                                                                                                                                        4.2\/5 - (5 votes)        "},{"@context":"https:\/\/schema.org\/","@type":"BreadcrumbList","itemListElement":[{"@type":"ListItem","position":1,"name":"Menopauza v\u00e1m p\u0159evr\u00e1t\u00ed \u017eivot na ruby a stejn\u011b to budete muset zvl\u00e1dnout","item":"https:\/\/www.brandel.cz\/menopauza-vam-prevrati-zivot-na-ruby-a-stejne-to-budete-muset-zvladnout\/#breadcrumbitem"}]}]