[{"@context":"https:\/\/schema.org\/","@type":"Article","@id":"https:\/\/www.brandel.cz\/mobilni-zarizeni-jako-standard\/#Article","mainEntityOfPage":"https:\/\/www.brandel.cz\/mobilni-zarizeni-jako-standard\/","headline":"Mobiln\u00ed za\u0159\u00edzen\u00ed jako standard","name":"Mobiln\u00ed za\u0159\u00edzen\u00ed jako standard","description":"N\u00e1st\u011bnn\u00e9 klimatizace do bytu se v\u011bt\u0161inou skl\u00e1daj\u00ed z vnit\u0159n\u00ed a vn\u011bj\u0161\u00ed jednotky, kter\u00e1 propojuje potrub\u00ed a nap\u00e1jec\u00ed kabely. V nab\u00eddce obchodn\u00edk\u016f najdete \u0159adu za\u0159\u00edzen\u00ed, ze kter\u00fdch je velmi zaj\u00edmav\u00e9 nap\u0159\u00edklad mobiln\u00ed \u0159e\u0161en\u00ed, kter\u00e9 nevy\u017eaduje \u017e\u00e1dnou slo\u017eitou instalaci. Pokud si spr\u00e1vn\u011b nastav\u00edte pom\u011br tepla a chladu, pak vytvo\u0159\u00edte ve sv\u00e9m domov\u011b p\u0159\u00edjemn\u00e9 klima, ve kter\u00e9m se [&hellip;]","datePublished":"2017-09-17","dateModified":"2023-04-26","author":{"@type":"Person","@id":"https:\/\/www.brandel.cz\/author\/#Person","name":"","url":"https:\/\/www.brandel.cz\/author\/","identifier":1,"image":{"@type":"ImageObject","@id":"https:\/\/secure.gravatar.com\/avatar\/91506ed60e31abe586276a3e1420719df081581a820344a28fa2034bb1a2fe22?s=96&d=mm&r=g","url":"https:\/\/secure.gravatar.com\/avatar\/91506ed60e31abe586276a3e1420719df081581a820344a28fa2034bb1a2fe22?s=96&d=mm&r=g","height":96,"width":96}},"publisher":{"@type":"Organization","name":"brandel.cz","logo":{"@type":"ImageObject","@id":"\/logo.png","url":"\/logo.png","width":600,"height":60}},"image":{"@type":"ImageObject","@id":"https:\/\/www.brandel.cz\/wp-content\/uploads\/img_a299932_w2179_t1509980106.jpg","url":"https:\/\/www.brandel.cz\/wp-content\/uploads\/img_a299932_w2179_t1509980106.jpg","height":0,"width":0},"url":"https:\/\/www.brandel.cz\/mobilni-zarizeni-jako-standard\/","about":["D\u016fm"],"wordCount":447,"articleBody":"N\u00e1st\u011bnn\u00e9 klimatizace do bytu se v\u011bt\u0161inou skl\u00e1daj\u00ed z vnit\u0159n\u00ed a vn\u011bj\u0161\u00ed jednotky, kter\u00e1 propojuje potrub\u00ed a nap\u00e1jec\u00ed kabely. V nab\u00eddce obchodn\u00edk\u016f najdete \u0159adu za\u0159\u00edzen\u00ed, ze kter\u00fdch je velmi zaj\u00edmav\u00e9 nap\u0159\u00edklad mobiln\u00ed \u0159e\u0161en\u00ed, kter\u00e9 nevy\u017eaduje \u017e\u00e1dnou slo\u017eitou instalaci. Pokud si spr\u00e1vn\u011b nastav\u00edte pom\u011br tepla a chladu, pak vytvo\u0159\u00edte ve sv\u00e9m domov\u011b p\u0159\u00edjemn\u00e9 klima, ve kter\u00e9m se v\u00e1m bude velmi dob\u0159e \u017e\u00edt. P\u0159itom dob\u0159e zvolen\u00e1 klimatizace se zejm\u00e9na v tropick\u00fdch letn\u00edch dnech st\u00e1v\u00e1 doslova nutnost\u00ed. Tato jednotka funguje p\u0159edev\u0161\u00edm na principu v\u00fdm\u011bny a p\u0159esunu energi\u00ed, kdy se c\u00edt\u00edte doma jednodu\u0161e sv\u011b\u017ee a p\u0159\u00edjemn\u011b.Druhy klimatizac\u00ed vN\u00e1st\u011bnn\u00e9 \u201esplit\u201c jednotky Tento syst\u00e9m je d\u011blen\u00fd ze dvou nebo v\u00edce \u010d\u00e1st\u00ed, kter\u00e9 spojuje m\u011bd\u011bn\u00e9 potrub\u00ed. Vynik\u00e1 p\u0159edev\u0161\u00edm svoj\u00ed vysokou \u00fa\u010dinnost\u00ed a \u00fasporou energie. Venkovn\u00ed jednotka ale nemus\u00ed b\u00fdt nutn\u011b p\u0159ilepena na fas\u00e1d\u011b, m\u016f\u017eete ji chyt\u0159e ukr\u00fdt na st\u0159echu, balkon nebo p\u016fdu. Co se t\u00fd\u010de designu, nemus\u00edte m\u00ed doma nevzhlednou a hlu\u010dnou krabici, ale interi\u00e9rov\u00fd dopln\u011bk, kter\u00fd slad\u00ed jednotn\u011b cel\u00e9 va\u0161e bydlen\u00ed. vMobiln\u00ed, p\u0159enosn\u00e1 Tato alternativa nen\u00ed a\u017e tak cenov\u011b n\u00e1ro\u010dn\u00e1. M\u016f\u017eete ji kdykoliv p\u0159en\u00e9st, kamkoliv zapojit a stavebn\u00ed \u00fapravy se v\u00e1s jednodu\u0161e net\u00fdkaj\u00ed. P\u0159esto je t\u0159eba si uv\u011bdomit, \u017ee i tato jednotka pot\u0159ebuje m\u00edt kam odv\u00e9st kondenz\u00e1t. K tomu m\u00e1 ur\u010den\u00fd z\u00e1sobn\u00edk, kter\u00fd je pot\u0159eba vyl\u00e9vat i n\u011bkolikr\u00e1t denn\u011b. Anebo jsou vybaveny \u010derpadlem a hadi\u010dkou, kterou sta\u010d\u00ed jednodu\u0161e vystr\u010dit z okna. Nejlep\u0161\u00edm \u0159e\u0161en\u00edm je pak automatick\u00fd v\u00fdparn\u00edk, kter\u00fd vodu odv\u00e1d\u00ed spole\u010dn\u011b s hork\u00fdm vzduchem uvnit\u0159 trubice. vKazetov\u00e1 S t\u00edmto typem se setkal snad ka\u017ed\u00fd, kdo pracuje v kancel\u00e1\u0159i. Je toti\u017e vedena ve stropn\u00edch panelech objektu a zaji\u0161\u0165uje jak ochlazov\u00e1n\u00ed, tak topen\u00ed. Krom\u011b toho dok\u00e1\u017ee p\u0159iv\u00e9st i \u010derstv\u00fd vzduch do m\u00edstnosti. vParapetn\u00ed Tato dvoud\u00edln\u00e1 jednotka je spojena pomoc\u00ed m\u011bkk\u00e9ho potrub\u00ed. Sta\u010d\u00ed ji jenom um\u00edstit n\u011bkam pod okno, kde bude m\u00edt i voln\u00fd prostor pro venkovn\u00ed jednotku. Ne\u017e si skute\u010dn\u011b vyberete, zva\u017ete n\u011bkolik faktor\u016f, nap\u0159\u00edklad velikost prostoru a oken, orientaci a typ m\u00edstnosti nebo dal\u0161\u00ed zdroje tepla. Zku\u0161en\u00ed odborn\u00edci v\u00e1m jist\u011b vyjdou vst\u0159\u00edc s nab\u00eddkou na m\u00edru.                                                                                                                                                                                                                                                                                                                                                                                         4.5\/5 - (2 votes)        "},{"@context":"https:\/\/schema.org\/","@type":"BreadcrumbList","itemListElement":[{"@type":"ListItem","position":1,"name":"Mobiln\u00ed za\u0159\u00edzen\u00ed jako standard","item":"https:\/\/www.brandel.cz\/mobilni-zarizeni-jako-standard\/#breadcrumbitem"}]}]