[{"@context":"https:\/\/schema.org\/","@type":"Article","@id":"https:\/\/www.brandel.cz\/nebavi-me-nejaky-predmet-co-mam-delat\/#Article","mainEntityOfPage":"https:\/\/www.brandel.cz\/nebavi-me-nejaky-predmet-co-mam-delat\/","headline":"Nebav\u00ed m\u011b n\u011bjak\u00fd p\u0159edm\u011bt. Co m\u00e1m d\u011blat?","name":"Nebav\u00ed m\u011b n\u011bjak\u00fd p\u0159edm\u011bt. Co m\u00e1m d\u011blat?","description":"Ka\u017ed\u00fd jsme stvo\u0159en\u00ed pro n\u011bco jin\u00e9ho, ka\u017ed\u00e9ho bav\u00ed \u00fapln\u011b jin\u00e1 v\u011bc, jin\u00fd p\u0159edm\u011bt, jin\u00fd obor. Ka\u017ed\u00fd m\u00e1me pozd\u011bji jinou pr\u00e1ci, v\u011bnujeme se \u00fapln\u011b jin\u00e9mu oboru a je jen hrstka lid\u00ed, kte\u0159\u00ed se v\u011bnuj\u00ed stejn\u00e9mu oboru, kter\u00e9mu sv\u016fj \u010das v\u011bnujeme my. P\u0159irozen\u011b geny a dal\u0161\u00ed v\u011bci n\u00e1m umo\u017en\u00ed vynikat v\u00a0n\u011b\u010dem v\u00edce a v\u00a0n\u011b\u010dem m\u00e9n\u011b, proto\u017ee u\u017e [&hellip;]","datePublished":"2022-02-26","dateModified":"2023-04-26","author":{"@type":"Person","@id":"https:\/\/www.brandel.cz\/author\/#Person","name":"","url":"https:\/\/www.brandel.cz\/author\/","identifier":1,"image":{"@type":"ImageObject","@id":"https:\/\/secure.gravatar.com\/avatar\/91506ed60e31abe586276a3e1420719df081581a820344a28fa2034bb1a2fe22?s=96&d=mm&r=g","url":"https:\/\/secure.gravatar.com\/avatar\/91506ed60e31abe586276a3e1420719df081581a820344a28fa2034bb1a2fe22?s=96&d=mm&r=g","height":96,"width":96}},"publisher":{"@type":"Organization","name":"brandel.cz","logo":{"@type":"ImageObject","@id":"\/logo.png","url":"\/logo.png","width":600,"height":60}},"image":{"@type":"ImageObject","@id":"https:\/\/www.brandel.cz\/wp-content\/uploads\/girl-g5b1ed2cf9_640.jpg","url":"https:\/\/www.brandel.cz\/wp-content\/uploads\/girl-g5b1ed2cf9_640.jpg","height":0,"width":0},"url":"https:\/\/www.brandel.cz\/nebavi-me-nejaky-predmet-co-mam-delat\/","about":["Vzd\u011bl\u00e1n\u00ed"],"wordCount":514,"articleBody":"Ka\u017ed\u00fd jsme stvo\u0159en\u00ed pro n\u011bco jin\u00e9ho, ka\u017ed\u00e9ho bav\u00ed \u00fapln\u011b jin\u00e1 v\u011bc, jin\u00fd p\u0159edm\u011bt, jin\u00fd obor. Ka\u017ed\u00fd m\u00e1me pozd\u011bji jinou pr\u00e1ci, v\u011bnujeme se \u00fapln\u011b jin\u00e9mu oboru a je jen hrstka lid\u00ed, kte\u0159\u00ed se v\u011bnuj\u00ed stejn\u00e9mu oboru, kter\u00e9mu sv\u016fj \u010das v\u011bnujeme my. P\u0159irozen\u011b geny a dal\u0161\u00ed v\u011bci n\u00e1m umo\u017en\u00ed vynikat v\u00a0n\u011b\u010dem v\u00edce a v\u00a0n\u011b\u010dem m\u00e9n\u011b, proto\u017ee u\u017e v\u00a0dob\u00e1ch pralid\u00ed si ka\u017ed\u00fd rozd\u011blil pr\u00e1ci, n\u011bkdo lovil mamuta, n\u011bkdo rozd\u011blal ohe\u0148 a mamuta st\u00e1hl z\u00a0k\u016f\u017ee, jin\u00fd \u0161el zase ulovit rybu \u010di posb\u00edrat jinou potravu. Jin\u00fd zase um\u011bl vytvo\u0159it zbran\u011b, tak\u017ee u\u017e od prad\u00e1vna jsme m\u011bli ka\u017ed\u00fd sv\u016fj \u00fakol, kter\u00fd jsme museli splnit a kter\u00fd jsme um\u011bli dob\u0159e splnit. Stejn\u011b tak tomu je i te\u010f. Ka\u017ed\u00fd um\u00edme n\u011bco jin\u00e9ho a um\u00edme to dob\u0159e. Co ale um\u00edme? V\u00a0\u010dem jsme dob\u0159\u00ed, v\u00a0\u010dem tedy vynik\u00e1me?Prvn\u00ed takov\u00e9 odpov\u011bdi na tyto ot\u00e1zky dostaneme ve \u0161kole, v\u00a0na\u0161ich prvn\u00edch hodin\u00e1ch, kdy jsme u\u017e tro\u0161ku v\u00edce v\u00a0hlav\u011b vysp\u011bl\u00ed a p\u0159em\u00fd\u0161l\u00edme nad t\u011bmito v\u011bcmi trochu jinak a jednotliv\u00e9 u\u010divo v\u00a0p\u0159edm\u011btech u\u017e je mnohem t\u011b\u017e\u0161\u00ed. V\u00a0t\u00e9to dob\u011b si uv\u011bdomujeme, \u017ee n\u00e1m vlastn\u011b v\u0161echno \u00fapln\u011b nejde. I ti nejv\u011bt\u0161\u00ed jedni\u010dk\u00e1\u0159i maj\u00ed sv\u00e9 mouchy a existuj\u00ed v\u011bci, kter\u00e9 jim zkr\u00e1tka nejdou tak, jako ty ostatn\u00ed. Bohu\u017eel, \u0161kolstv\u00ed je zeza\u010d\u00e1tku nastaveno na v\u0161eobecn\u00e9m p\u0159ehledu a v\u0161eobecn\u00e9m vzd\u011bl\u00e1n\u00ed, tak\u017ee z\u00e1kladn\u00ed \u0161kola je pro v\u0161echny \u00fapln\u011b stejn\u00e1, u\u017e ale zde dok\u00e1\u017eeme p\u0159em\u00fd\u0161let nad t\u00edm, co n\u00e1m jde a nejde. Nev\u00fdhodou je, \u017ee n\u00e1s v\u0161echny p\u0159edm\u011bty logicky nebav\u00ed. Proto\u017ee automaticky ty, ve kter\u00fdch vynik\u00e1me a kter\u00e9 n\u00e1m jdou, ty n\u00e1s pr\u00e1v\u011b nejv\u00edce bav\u00ed a ty, ve kter\u00fdch se ztr\u00e1c\u00edme a neum\u00edme je, n\u00e1s nebav\u00ed, proto\u017ee ka\u017ed\u00e1 hodina je utrpen\u00ed a my si poka\u017ed\u00e9 \u0159ekneme, \u017ee jsme \u00fapln\u011b hloup\u00ed. To plat\u00ed pro ka\u017edou v\u011bkovou kategorii. Co ale d\u011blat v\u00a0t\u011bchto p\u0159edm\u011btech a hodin\u00e1ch, kter\u00e9 n\u00e1s nebav\u00ed?Vzd\u00e1t se jich nem\u016f\u017eeme. Pokud ano, je to dobr\u00e1 volba. Nem\u00e1 cenu se do n\u011b\u010deho nutit. Co tedy d\u011blat, kdy\u017e na n\u011b ale mus\u00edme chodit? Zkr\u00e1tka si naj\u00edt ten nejlep\u0161\u00ed zp\u016fsob, jak si hodinu ud\u011blat z\u00e1bavn\u011bj\u0161\u00ed. Odn\u00e9st si jen to, co n\u00e1m p\u0159i\u0161lo zaj\u00edmav\u00e9. Naj\u00edt si o t\u00e9matu samostudiem n\u011bco v\u00edce, to jsou jedin\u00e9 rady, jak to p\u0159etrp\u011bt. A nejlep\u0161\u00ed rada \u2013 pochopit to, sna\u017eit se se do u\u010diva dostat.                                                                                                                                                                                                                                                                                                                                                                                                 "},{"@context":"https:\/\/schema.org\/","@type":"BreadcrumbList","itemListElement":[{"@type":"ListItem","position":1,"name":"Nebav\u00ed m\u011b n\u011bjak\u00fd p\u0159edm\u011bt. Co m\u00e1m d\u011blat?","item":"https:\/\/www.brandel.cz\/nebavi-me-nejaky-predmet-co-mam-delat\/#breadcrumbitem"}]}]