[{"@context":"https:\/\/schema.org\/","@type":"Article","@id":"https:\/\/www.brandel.cz\/penize-za-zpozdeni\/#Article","mainEntityOfPage":"https:\/\/www.brandel.cz\/penize-za-zpozdeni\/","headline":"Pen\u00edze za zpo\u017ed\u011bn\u00ed","name":"Pen\u00edze za zpo\u017ed\u011bn\u00ed","description":"Za zpo\u017ed\u011bn\u00edm let\u016f m\u016f\u017ee st\u00e1t cel\u00e1 \u0159ada p\u0159\u00ed\u010din. A kdy\u017e toto nastane, nezb\u00fdv\u00e1 \u010dlov\u011bku, ne\u017e se sm\u00ed\u0159it s realitou, proto\u017ee mu zkr\u00e1tka nic jin\u00e9ho nezb\u00fdv\u00e1. Sta\u010d\u00ed, aby se n\u011bkde dostate\u010dn\u011b zkazilo po\u010das\u00ed, aby se n\u011bkde odehr\u00e1la p\u0159\u00edrodn\u00ed katastrofa nebo se zhor\u0161ila bezpe\u010dnostn\u00ed situace, kdokoliv si m\u016f\u017ee usmyslet, \u017ee za\u010dne st\u00e1vkovat, nebo se omez\u00ed letov\u00fd provoz [&hellip;]","datePublished":"2019-09-09","dateModified":"2023-04-26","author":{"@type":"Person","@id":"https:\/\/www.brandel.cz\/author\/#Person","name":"","url":"https:\/\/www.brandel.cz\/author\/","identifier":1,"image":{"@type":"ImageObject","@id":"https:\/\/secure.gravatar.com\/avatar\/91506ed60e31abe586276a3e1420719df081581a820344a28fa2034bb1a2fe22?s=96&d=mm&r=g","url":"https:\/\/secure.gravatar.com\/avatar\/91506ed60e31abe586276a3e1420719df081581a820344a28fa2034bb1a2fe22?s=96&d=mm&r=g","height":96,"width":96}},"publisher":{"@type":"Organization","name":"brandel.cz","logo":{"@type":"ImageObject","@id":"\/logo.png","url":"\/logo.png","width":600,"height":60}},"image":{"@type":"ImageObject","@id":"https:\/\/www.brandel.cz\/wp-content\/uploads\/img_a350658_w1751_t1565524407.jpg","url":"https:\/\/www.brandel.cz\/wp-content\/uploads\/img_a350658_w1751_t1565524407.jpg","height":0,"width":0},"url":"https:\/\/www.brandel.cz\/penize-za-zpozdeni\/","about":["Pen\u00edze"],"wordCount":444,"articleBody":"      Za zpo\u017ed\u011bn\u00edm let\u016f m\u016f\u017ee st\u00e1t cel\u00e1 \u0159ada p\u0159\u00ed\u010din. A kdy\u017e toto nastane, nezb\u00fdv\u00e1 \u010dlov\u011bku, ne\u017e se sm\u00ed\u0159it s realitou, proto\u017ee mu zkr\u00e1tka nic jin\u00e9ho nezb\u00fdv\u00e1. Sta\u010d\u00ed, aby se n\u011bkde dostate\u010dn\u011b zkazilo po\u010das\u00ed, aby se n\u011bkde odehr\u00e1la p\u0159\u00edrodn\u00ed katastrofa nebo se zhor\u0161ila bezpe\u010dnostn\u00ed situace, kdokoliv si m\u016f\u017ee usmyslet, \u017ee za\u010dne st\u00e1vkovat, nebo se omez\u00ed letov\u00fd provoz a \u010dlov\u011bk m\u00e1 sm\u016flu.  Ov\u0161em za jist\u00fdch okolnost\u00ed nemus\u00ed b\u00fdt pasa\u017e\u00e9r takov\u00e9ho zpo\u017ed\u011bn\u00e9ho letu zase a\u017e tak sklesl\u00fd. Proto\u017ee mu sice ztracen\u00fd \u010das nikdo nevr\u00e1t\u00ed, ale zp\u016fsoben\u00e1 \u00fajma mu je vy\u010d\u00edslena v pen\u011bz\u00edch, je\u017e mus\u00ed dostat jako od\u0161kodn\u011bn\u00ed. Plat\u00ed to p\u0159edev\u0161\u00edm v p\u0159\u00edpad\u011b, \u017ee se provinila leteck\u00e1 spole\u010dnost s\u00eddl\u00edc\u00ed v zem\u00edch Evropsk\u00e9 unie, ve \u0160v\u00fdcarsku, v Norsku nebo na Islandu, p\u0159\u00edpadn\u011b spole\u010dnost, kter\u00e1 provozuje onen zpo\u017ed\u011bn\u00fd let v r\u00e1mci t\u011bchto zem\u00ed nebo odsud sm\u011brem pry\u010d. V takov\u00e9m p\u0159\u00edpad\u011b m\u00e1 cestuj\u00edc\u00ed p\u0159i dostate\u010dn\u00e9m zpo\u017ed\u011bn\u00ed n\u00e1rok na finan\u010dn\u00ed kompenzaci \u00fam\u011brnou dob\u011b zpo\u017ed\u011bn\u00ed a vzd\u00e1lenosti mezi m\u00edsty, kde jeho cesta zapo\u010dala a kde skon\u010dila. Je ov\u0161em smutnou pravdou, \u017ee ne v\u0161echny aerolinie se k t\u00e9to povinnosti, ji\u017e jim ukl\u00e1d\u00e1 regulace EC 261\/2004, stav\u00ed \u010delem. \u017de se nejednou zkou\u0161ej\u00ed vymlouvat na situace, je\u017e je povinnosti platit zpro\u0161\u0165uj\u00ed, respektive s po\u0161kozen\u00fdmi pasa\u017e\u00e9ry v\u016fbec nekomunikuj\u00ed a doufaj\u00ed, \u017ee to oni \u017eadatel\u00e9 nakonec rezignovan\u011b vzdaj\u00ed. A n\u011bkdy tomu tak i je. Ov\u0161em naprosto zbyte\u010dn\u011b. Proto\u017ee je sice jasn\u00e9, \u017ee se mnoha lidem nechce s aeroliniemi soudit, ov\u0161em je-li tomu tak, nic jim nebr\u00e1n\u00ed v tom, aby se s t\u00edm obr\u00e1tili na specializovan\u00e9 pr\u00e1vn\u00edky, kte\u0159\u00ed se pr\u00e1v\u011b na problematiku jm\u00e9nem n\u00e1hrada za zpo\u017ed\u011bn\u00fd let zam\u011b\u0159uj\u00ed, v\u011bd\u00ed, co a jak, a ochotn\u011b se takov\u00fdch p\u0159\u00edpad\u016f uj\u00edmaj\u00ed. A d\u00edky tomu, \u017ee si berou provizi pouze z vysouzen\u00fdch pen\u011bz, na tom nem\u016f\u017ee nikdo z po\u0161kozen\u00fdch prod\u011blat.  A proto byste i vy m\u011bli m\u00edt na pam\u011bti, \u017ee tato mo\u017enost existuje. Abyste nep\u0159i\u0161li zbyte\u010dn\u011b o mo\u017en\u00e1 a\u017e 600 eur jenom proto, \u017ee by v\u00e1s aerolinie ve snaze u\u0161et\u0159it zdeptaly. Co\u017e si zku\u0161en\u00ed pr\u00e1vn\u00edci rozhodn\u011b l\u00edbit nenechaj\u00ed.                                                                                                                                                                                                                                                                                                                                                                                           4.3\/5 - (3 votes)        "},{"@context":"https:\/\/schema.org\/","@type":"BreadcrumbList","itemListElement":[{"@type":"ListItem","position":1,"name":"Pen\u00edze za zpo\u017ed\u011bn\u00ed","item":"https:\/\/www.brandel.cz\/penize-za-zpozdeni\/#breadcrumbitem"}]}]