[{"@context":"https:\/\/schema.org\/","@type":"Article","@id":"https:\/\/www.brandel.cz\/pracujte-efektivne\/#Article","mainEntityOfPage":"https:\/\/www.brandel.cz\/pracujte-efektivne\/","headline":"Pracujte efektivn\u011b","name":"Pracujte efektivn\u011b","description":"V\u00edte, \u017ee Va\u0161e stavebn\u00ed firma se m\u016f\u017ee pustit do jak\u00e9koliv stavby, \u010di opravy staveb, ani\u017e byste museli nakupovat t\u011b\u017ekou techniku za t\u011b\u017ek\u00e9 pen\u00edze? T\u011b\u017ek\u00e1 technika i s profesion\u00e1ln\u00ed obsluhou V\u00e1m pom\u016f\u017ee daleko efektivn\u011bji, hlavn\u011b co se t\u00fd\u010de finan\u010dn\u00edch v\u00fddaj\u016f! I Va\u0161e men\u0161\u00ed stavebn\u00ed firma si m\u016f\u017ee dovolit pronaj\u00edmat, nap\u0159. autoje\u0159\u00e1by, ani\u017e by se stavba nek\u0159es\u0165ansky [&hellip;]","datePublished":"2017-10-04","dateModified":"2023-04-26","author":{"@type":"Person","@id":"https:\/\/www.brandel.cz\/author\/#Person","name":"","url":"https:\/\/www.brandel.cz\/author\/","identifier":1,"image":{"@type":"ImageObject","@id":"https:\/\/secure.gravatar.com\/avatar\/91506ed60e31abe586276a3e1420719df081581a820344a28fa2034bb1a2fe22?s=96&d=mm&r=g","url":"https:\/\/secure.gravatar.com\/avatar\/91506ed60e31abe586276a3e1420719df081581a820344a28fa2034bb1a2fe22?s=96&d=mm&r=g","height":96,"width":96}},"publisher":{"@type":"Organization","name":"brandel.cz","logo":{"@type":"ImageObject","@id":"\/logo.png","url":"\/logo.png","width":600,"height":60}},"image":{"@type":"ImageObject","@id":"https:\/\/www.brandel.cz\/wp-content\/uploads\/img_a302399_w1764_t1512378997.jpg","url":"https:\/\/www.brandel.cz\/wp-content\/uploads\/img_a302399_w1764_t1512378997.jpg","height":0,"width":0},"url":"https:\/\/www.brandel.cz\/pracujte-efektivne\/","about":["Zbo\u017e\u00ed"],"wordCount":367,"articleBody":"V\u00edte, \u017ee Va\u0161e stavebn\u00ed firma se m\u016f\u017ee pustit do jak\u00e9koliv stavby, \u010di opravy staveb, ani\u017e byste museli nakupovat t\u011b\u017ekou techniku  za t\u011b\u017ek\u00e9 pen\u00edze? T\u011b\u017ek\u00e1 technika i s profesion\u00e1ln\u00ed obsluhou V\u00e1m pom\u016f\u017ee daleko efektivn\u011bji, hlavn\u011b co se t\u00fd\u010de finan\u010dn\u00edch v\u00fddaj\u016f! I Va\u0161e men\u0161\u00ed stavebn\u00ed firma si m\u016f\u017ee dovolit pronaj\u00edmat, nap\u0159. autoje\u0159\u00e1by, ani\u017e by se stavba nek\u0159es\u0165ansky prodra\u017eila! Pr\u00e1v\u011b naopak! Sta\u010d\u00ed si vz\u00edt kalkula\u010dku a spo\u010d\u00edtat investice. 1. Koup\u011b autoje\u0159\u00e1bu. Takov\u00e1 investice do t\u011b\u017ek\u00e9ho stroje je v\u017edy velmi n\u00e1kladn\u00e1. I kdy\u017e byste pen\u00edze m\u011bli, bylo by to zbyte\u010dn\u00e9! 2. Parkov\u00e1n\u00ed autoje\u0159\u00e1bu. Budete m\u00edt pot\u00ed\u017ee s uskladn\u011bn\u00edm. Kam jej zaparkujete, kdy\u017e autoje\u0159\u00e1b pr\u00e1v\u011b nebudete pot\u0159ebovat? Na placen\u00e9 parkovi\u0161t\u011b? To je dal\u0161\u00ed probl\u00e9m! 3. Obsluha stroje. Mus\u00edte myslet tak\u00e9 na to, kdo bude autoje\u0159\u00e1b obsluhovat. Mus\u00ed to b\u00fdt na slovo vzat\u00fd profesion\u00e1l. Za volant autoje\u0159\u00e1bu si nem\u016f\u017ee jen tak odsko\u010dit n\u011bjak\u00fd stavebn\u00ed d\u011bln\u00edk, kter\u00e9ho notabene pot\u0159ebujete v\u00edc na st\u0159e\u0161e, ne\u017e za volantem. 4. Pro\u0161kolen\u00ed obsluhy. Po\u010d\u00edt\u00e1te tak\u00e9 s t\u00edm, \u017ee obsluha autoje\u0159\u00e1bu mus\u00ed b\u00fdt \u0159\u00e1dn\u011b pro\u0161kolena? Po\u010d\u00edt\u00e1te i s takov\u00fdm v\u00fddajem? A to pro nejm\u00e9n\u011b dva pracovn\u00edky! Pro p\u0159\u00edpad, kdyby jeden z nich m\u011bl dovolenou. 5. Provozn\u00ed n\u00e1klady. A to je\u0161t\u011b nezapome\u0148te na pravideln\u00e9 technick\u00e9 prohl\u00eddky autoje\u0159\u00e1b\u016f. N\u00e1kup paliva, placen\u00ed oprav. Jednodu\u0161e v\u0161echny provozn\u00ed n\u00e1klady a n\u00e1klady na \u00fadr\u017ebu. Kdy\u017e si to tak v hrub\u00fdch odhadn\u00edch \u010d\u00e1stk\u00e1ch spo\u010d\u00edt\u00e1te a potom spo\u010d\u00edt\u00e1te pen\u00edze za pron\u00e1jem? Jak\u00e9 bude Va\u0161e rozhodnut\u00ed? A ka\u017ed\u00fd den autoje\u0159\u00e1b tak\u00e9 nemus\u00edte pot\u0159ebovat! Bude st\u00e1t na placen\u00e9m parkovi\u0161ti a ne\u010dinn\u011b prokv\u00e9tat rz\u00ed. A co bude v tu dobu d\u011blat obsluha? Inu, v\u00fdhody a nev\u00fdhody pron\u00e1jmu autoje\u0159\u00e1bu mus\u00edte zv\u00e1\u017eit sami.                                                                                                                                                                                                                                                                                                                                                                                         5\/5 - (1 vote)        "},{"@context":"https:\/\/schema.org\/","@type":"BreadcrumbList","itemListElement":[{"@type":"ListItem","position":1,"name":"Pracujte efektivn\u011b","item":"https:\/\/www.brandel.cz\/pracujte-efektivne\/#breadcrumbitem"}]}]