[{"@context":"https:\/\/schema.org\/","@type":"Article","@id":"https:\/\/www.brandel.cz\/prekrasne-kuchyne\/#Article","mainEntityOfPage":"https:\/\/www.brandel.cz\/prekrasne-kuchyne\/","headline":"P\u0159ekr\u00e1sn\u00e9 kuchyn\u011b","name":"P\u0159ekr\u00e1sn\u00e9 kuchyn\u011b","description":"&#13; Opravdu byste si p\u0159\u00e1li, abyste m\u011bli u V\u00e1s doma kuchy\u0148 dle Va\u0161ich p\u0159edstav, p\u0159esn\u011b, jak jste si to vysnili? U\u017e V\u00e1s nebav\u00ed ma\u010dkat se v mal\u00e9m prostoru a respektovat \u0161patn\u00e9 \u0159e\u0161en\u00ed sk\u0159\u00edn\u00ed, \u0161upl\u00edk\u016f a podobn\u011b? Cht\u011bli byste po\u0159\u00e1dnou troubu, mikrovlnu a v\u0161e, aby bylo vestav\u011bn\u00e9 a vypadalo to opravdu dob\u0159e. Nekupujte si oby\u010dejn\u00e9 kuchyn\u011b [&hellip;]","datePublished":"2023-04-26","dateModified":"2023-04-26","author":{"@type":"Person","@id":"https:\/\/www.brandel.cz\/author\/#Person","name":"","url":"https:\/\/www.brandel.cz\/author\/","identifier":1,"image":{"@type":"ImageObject","@id":"https:\/\/secure.gravatar.com\/avatar\/91506ed60e31abe586276a3e1420719df081581a820344a28fa2034bb1a2fe22?s=96&d=mm&r=g","url":"https:\/\/secure.gravatar.com\/avatar\/91506ed60e31abe586276a3e1420719df081581a820344a28fa2034bb1a2fe22?s=96&d=mm&r=g","height":96,"width":96}},"publisher":{"@type":"Organization","name":"brandel.cz","logo":{"@type":"ImageObject","@id":"\/logo.png","url":"\/logo.png","width":600,"height":60}},"url":"https:\/\/www.brandel.cz\/prekrasne-kuchyne\/","about":["Zbo\u017e\u00ed"],"wordCount":433,"articleBody":"&#13; Opravdu byste si p\u0159\u00e1li, abyste m\u011bli u V\u00e1s doma kuchy\u0148 dle Va\u0161ich p\u0159edstav, p\u0159esn\u011b, jak jste si to vysnili? U\u017e V\u00e1s nebav\u00ed ma\u010dkat se v mal\u00e9m prostoru a respektovat \u0161patn\u00e9 \u0159e\u0161en\u00ed sk\u0159\u00edn\u00ed, \u0161upl\u00edk\u016f a podobn\u011b? Cht\u011bli byste po\u0159\u00e1dnou troubu, mikrovlnu a v\u0161e, aby bylo vestav\u011bn\u00e9 a vypadalo to opravdu dob\u0159e. Nekupujte si oby\u010dejn\u00e9 kuchyn\u011b z obchodu, kter\u00e9 nejsou na m\u00edru. Nikdy V\u00e1m nebudou tak dob\u0159e sed\u011bt, jako ty, kter\u00e9 si nech\u00e1te ud\u011blat p\u0159esn\u011b na m\u00edru. D\u00edky na\u0161\u00edm bohat\u00fdm zku\u0161enostem, kter\u00e9 jsme nasb\u00edrali za opravdu dlouholet\u00e9 p\u016fsoben\u00ed na trhu, tak V\u00e1m m\u016f\u017eeme poradit. Pokud m\u00e1te atypick\u00e9 prostoty, nerovnou ze\u010f \u010di n\u011bjak\u00fd jin\u00fd speci\u00e1ln\u00ed probl\u00e9m, tak to pro n\u00e1s nen\u00ed probl\u00e9m a ud\u011bl\u00e1me v\u0161e, co bude v na\u0161ich sil\u00e1ch, abychom V\u00e1m navrhli takovou variantu, kter\u00e1 se V\u00e1m bude l\u00edbit. U n\u00e1s m\u00e1me co nab\u00eddnout. Nab\u00edz\u00edme V\u00e1m skv\u011bl\u00e9 \u0159e\u0161en\u00ed pro V\u00e1s p\u0159esn\u011b na m\u00edru.&#13; Skv\u011bl\u00e9 ceny&#13; Nebojte se, my V\u00e1m nab\u00eddneme opravdu v\u00fdhodnou celkovou nab\u00eddku. Vy n\u00e1m \u0159eknete, jak\u00fd je V\u00e1\u0161 finan\u010dn\u00ed rozpo\u010det, a my se do n\u011bj vlezeme. My za V\u00e1mi p\u0159ijedeme k V\u00e1m dom\u016f a domluv\u00edme se s V\u00e1mi osobn\u011b. Pak V\u00e1m ud\u011bl\u00e1me 3D n\u00e1vrh a to zcela zdarma a Vy tak budete m\u00edt opravdu dobrou p\u0159edstavu, jak to bude vypadat, proto\u017ee na to m\u00e1me speci\u00e1ln\u00ed programy. V\u0161echno zam\u011b\u0159\u00edme zcela zdarma. Vy nebudete muset d\u011blat nic. Pokud nebudete souhlasit s n\u00e1vrhem a nebude se V\u00e1m n\u011bco l\u00edbit, tak se nic nestane, proto\u017ee my to p\u0159ed\u011bl\u00e1me a\u017e do takov\u00e9 podoby, kter\u00e1 bude pro V\u00e1s ta prav\u00e1. V\u00fdrobu zajist\u00edme v rychl\u00e9m \u010dasov\u00e9m \u00faseku, tak\u017ee se nebojte, \u017ee byste museli dlouho \u010dekat. Mont\u00e1\u017e a doprava je samoz\u0159ejmost\u00ed, ale u n\u00e1s V\u00e1m to nebudeme po\u010d\u00edtat do n\u00e1klad\u016f, tak\u017ee to nebudete platit. Ud\u011bl\u00e1me to pro V\u00e1s zcela zdarma. Kuchyn\u011b Praha od na\u0161\u00ed firmy jsou stoprocentn\u011b nejlep\u0161\u00ed. A to je\u0161t\u011b nen\u00ed v\u0161echno. Abyste n\u00e1m mohli opravdu v\u011b\u0159it, co se t\u00fd\u010de kvality, tak V\u00e1m nab\u00edz\u00edme do\u017eivotn\u00ed z\u00e1ruku na kov\u00e1n\u00ed zdarma!                                                                                                                                                                                                                                                                                                                                                                                        5\/5 - (2 votes)        "},{"@context":"https:\/\/schema.org\/","@type":"BreadcrumbList","itemListElement":[{"@type":"ListItem","position":1,"name":"P\u0159ekr\u00e1sn\u00e9 kuchyn\u011b","item":"https:\/\/www.brandel.cz\/prekrasne-kuchyne\/#breadcrumbitem"}]}]