[{"@context":"https:\/\/schema.org\/","@type":"Article","@id":"https:\/\/www.brandel.cz\/prostata-vam-muze-ve-vyssim-veku-zkomplikovat-zivot\/#Article","mainEntityOfPage":"https:\/\/www.brandel.cz\/prostata-vam-muze-ve-vyssim-veku-zkomplikovat-zivot\/","headline":"Prostata v\u00e1m m\u016f\u017ee ve vy\u0161\u0161\u00edm v\u011bku zkomplikovat \u017eivot","name":"Prostata v\u00e1m m\u016f\u017ee ve vy\u0161\u0161\u00edm v\u011bku zkomplikovat \u017eivot","description":"Prostata, o kter\u00e9 jste mo\u017en\u00e1 v\u011bt\u0161inu \u017eivota ani nev\u011bd\u011bli, \u017ee ji m\u00e1te, v\u00e1s m\u016f\u017ee s p\u0159ib\u00fdvaj\u00edc\u00edmi roky velice nep\u0159\u00edjemn\u011b potr\u00e1pit. Nap\u0159\u00edklad u mu\u017e\u016f ve v\u011bku kolem \u0161edes\u00e1ti let trp\u00ed a\u017e \u0161edes\u00e1t procent z nich zv\u011bt\u0161en\u00edm prostaty, kter\u00e9 nenech\u00e1 v klidu ani toho nejv\u011bt\u0161\u00edho flegmatika. Typick\u00fdm projevem probl\u00e9m\u016f s prostatou je \u010dast\u00e9 mo\u010den\u00ed, jist\u011b u\u017e jste [&hellip;]","datePublished":"2018-01-03","dateModified":"2023-04-26","author":{"@type":"Person","@id":"https:\/\/www.brandel.cz\/author\/#Person","name":"","url":"https:\/\/www.brandel.cz\/author\/","identifier":1,"image":{"@type":"ImageObject","@id":"https:\/\/secure.gravatar.com\/avatar\/91506ed60e31abe586276a3e1420719df081581a820344a28fa2034bb1a2fe22?s=96&d=mm&r=g","url":"https:\/\/secure.gravatar.com\/avatar\/91506ed60e31abe586276a3e1420719df081581a820344a28fa2034bb1a2fe22?s=96&d=mm&r=g","height":96,"width":96}},"publisher":{"@type":"Organization","name":"brandel.cz","logo":{"@type":"ImageObject","@id":"\/logo.png","url":"\/logo.png","width":600,"height":60}},"image":{"@type":"ImageObject","@id":"https:\/\/www.brandel.cz\/wp-content\/uploads\/img_a309302_w2199_t1520246214.jpg","url":"https:\/\/www.brandel.cz\/wp-content\/uploads\/img_a309302_w2199_t1520246214.jpg","height":0,"width":0},"url":"https:\/\/www.brandel.cz\/prostata-vam-muze-ve-vyssim-veku-zkomplikovat-zivot\/","about":["Zbo\u017e\u00ed"],"wordCount":436,"articleBody":"Prostata, o kter\u00e9 jste mo\u017en\u00e1 v\u011bt\u0161inu \u017eivota ani nev\u011bd\u011bli, \u017ee ji m\u00e1te, v\u00e1s m\u016f\u017ee s p\u0159ib\u00fdvaj\u00edc\u00edmi roky velice nep\u0159\u00edjemn\u011b potr\u00e1pit. Nap\u0159\u00edklad u mu\u017e\u016f ve v\u011bku kolem \u0161edes\u00e1ti let trp\u00ed a\u017e \u0161edes\u00e1t procent z nich zv\u011bt\u0161en\u00edm prostaty, kter\u00e9 nenech\u00e1 v klidu ani toho nejv\u011bt\u0161\u00edho flegmatika.Typick\u00fdm projevem probl\u00e9m\u016f s prostatou je \u010dast\u00e9 mo\u010den\u00ed, jist\u011b u\u017e jste o tom n\u011bkdy sly\u0161eli, proto\u017ee d\u00edky tomu, \u017ee t\u011bmito probl\u00e9my trp\u00ed zna\u010dn\u00e9 procento mu\u017e\u016f v populaci, tak se nejedn\u00e1 o nic nezn\u00e1m\u00e9ho. Ov\u0161em pokud si nyn\u00ed \u0159\u00edk\u00e1te, \u017ee chodit \u010dast\u011bji na z\u00e1chod nen\u00ed \u017e\u00e1dn\u00e1 katastrofa, kter\u00e1 by se nedala vydr\u017eet, tak se mo\u017en\u00e1 m\u00fdl\u00edte, o \u010dem\u017e se snadno p\u0159esv\u011bd\u010d\u00edte, pokud tomuto probl\u00e9mu nebudete v\u011bnovat n\u00e1le\u017eitou pozornost a odsunete ho do pozad\u00ed. V tom p\u0159\u00edpad\u011b v\u00e1s \u010dek\u00e1 nejen dlouh\u00e1 \u0159ada neklidn\u00fdch dn\u00ed, ale tak\u00e9 dlouh\u00e1 \u0159ada neklidn\u00fdch noc\u00ed, proto\u017ee prostata si nevyb\u00edr\u00e1, jak\u00e1 denn\u00ed \u010di no\u010dn\u00ed doba zrovna je. Zdu\u0159el\u00e1 \u017el\u00e1za jednodu\u0161e tla\u010d\u00ed na mo\u010dovou trubici a v d\u016fsledku jej\u00edho z\u00fa\u017een\u00ed m\u00e1te probl\u00e9my s vymo\u010den\u00edm, a to do t\u00e9 m\u00edry, \u017ee nejste schopni se dokonale vypr\u00e1zdnit. A to je to j\u00e1dro pudla, kter\u00e9 v\u00e1s \u017eene ka\u017edou chv\u00edli na z\u00e1chod. Dokonce i v noci, tak\u017ee se ani p\u0159\u00edli\u0161 nevysp\u00edte. Ov\u0161em jsou zde je\u0161t\u011b dal\u0161\u00ed nep\u0159\u00edjemn\u00e9 bo\u010dn\u00ed efekty tohoto stavu, mezi kter\u00e9 pat\u0159\u00ed ukap\u00e1v\u00e1n\u00ed po mo\u010den\u00ed a tak\u00e9 probl\u00e9my s erekc\u00ed, tak\u017ee na bou\u0159liv\u00fd sexu\u00e1ln\u00ed \u017eivot m\u016f\u017eete zapomenout. P\u0159itom \u0159e\u0161en\u00ed je tak snadn\u00e9! Sta\u010d\u00ed jednodu\u0161e nav\u0161t\u00edvit sv\u00e9ho o\u0161et\u0159uj\u00edc\u00edho l\u00e9ka\u0159e a o v\u0161em si s n\u00edm popov\u00eddat. Jist\u011b v\u00e1m v mnoh\u00e9m porad\u00ed. Dozv\u00edte se, jak\u00e9 jsou z\u00e1sady spr\u00e1vn\u00e9 \u017eivotospr\u00e1vy, \u010deho se vyvarovat, abyste sv\u00e9 pot\u00ed\u017ee je\u0161t\u011b nezhor\u0161ovali, a tak\u00e9 jak\u00e9 jsou mo\u017enosti l\u00e9\u010dby. Jist\u011b v\u00e1s pot\u011b\u0161\u00ed, \u017ee \u0159e\u0161en\u00ed probl\u00e9m\u016f s prostatou nen\u00ed nijak slo\u017eit\u00e9. Sta\u010d\u00ed u\u017e\u00edvat l\u00e9ty a mnoha u\u017eivateli prov\u011b\u0159en\u00fd p\u0159\u00edpravek na p\u0159\u00edrodn\u00ed b\u00e1zi, kter\u00fd v\u00e1s va\u0161ich pot\u00ed\u017e\u00ed rychle a hrav\u011b zbav\u00ed, tak\u017ee se op\u011bt budete moci v\u00edce t\u011b\u0161it ze \u017eivota.                                                                                                                                                                                                                                                                                                                                                                                                "},{"@context":"https:\/\/schema.org\/","@type":"BreadcrumbList","itemListElement":[{"@type":"ListItem","position":1,"name":"Prostata v\u00e1m m\u016f\u017ee ve vy\u0161\u0161\u00edm v\u011bku zkomplikovat \u017eivot","item":"https:\/\/www.brandel.cz\/prostata-vam-muze-ve-vyssim-veku-zkomplikovat-zivot\/#breadcrumbitem"}]}]