[{"@context":"https:\/\/schema.org\/","@type":"Article","@id":"https:\/\/www.brandel.cz\/saty-ktere-si-obleknete-na-svatbu\/#Article","mainEntityOfPage":"https:\/\/www.brandel.cz\/saty-ktere-si-obleknete-na-svatbu\/","headline":"\u0160aty, kter\u00e9 si obl\u00e9knete na svatbu","name":"\u0160aty, kter\u00e9 si obl\u00e9knete na svatbu","description":"Jak to u\u017e ve svatebn\u00ed den b\u00fdv\u00e1, nejv\u011bt\u0161\u00ed starosti ohledn\u011b v\u00fdb\u011bru \u0161at\u016f, si d\u011bl\u00e1 samotn\u00e1 nev\u011bsta. O nic m\u00e9n\u011b d\u016fle\u017eit\u00e9 v\u0161ak nejsou ani ostatn\u00ed \u017eeny, kter\u00e9 se svatby z\u00fa\u010dastn\u00ed a v\u00fdb\u011br jejich \u0161at\u016f by m\u011bl b\u00fdt stejn\u011b precisn\u00ed jako u nev\u011bsty. Abyste si den, kdy se va\u0161e nejbli\u017e\u0161\u00ed kamar\u00e1dka, dcera nebo sestra vd\u00e1v\u00e1 mohly u\u017e\u00edt [&hellip;]","datePublished":"2019-07-14","dateModified":"2023-04-26","author":{"@type":"Person","@id":"https:\/\/www.brandel.cz\/author\/#Person","name":"","url":"https:\/\/www.brandel.cz\/author\/","identifier":1,"image":{"@type":"ImageObject","@id":"https:\/\/secure.gravatar.com\/avatar\/91506ed60e31abe586276a3e1420719df081581a820344a28fa2034bb1a2fe22?s=96&d=mm&r=g","url":"https:\/\/secure.gravatar.com\/avatar\/91506ed60e31abe586276a3e1420719df081581a820344a28fa2034bb1a2fe22?s=96&d=mm&r=g","height":96,"width":96}},"publisher":{"@type":"Organization","name":"brandel.cz","logo":{"@type":"ImageObject","@id":"\/logo.png","url":"\/logo.png","width":600,"height":60}},"image":{"@type":"ImageObject","@id":"https:\/\/www.brandel.cz\/wp-content\/uploads\/img_a353581_w3716_t1568099064.jpg","url":"https:\/\/www.brandel.cz\/wp-content\/uploads\/img_a353581_w3716_t1568099064.jpg","height":0,"width":0},"url":"https:\/\/www.brandel.cz\/saty-ktere-si-obleknete-na-svatbu\/","about":["Zbo\u017e\u00ed"],"wordCount":459,"articleBody":"          Jak to u\u017e ve svatebn\u00ed den b\u00fdv\u00e1, nejv\u011bt\u0161\u00ed starosti ohledn\u011b v\u00fdb\u011bru \u0161at\u016f, si d\u011bl\u00e1 samotn\u00e1 nev\u011bsta. O nic m\u00e9n\u011b d\u016fle\u017eit\u00e9 v\u0161ak nejsou ani ostatn\u00ed \u017eeny, kter\u00e9 se svatby z\u00fa\u010dastn\u00ed a v\u00fdb\u011br jejich \u0161at\u016f by m\u011bl b\u00fdt stejn\u011b precisn\u00ed jako u nev\u011bsty. Abyste si den, kdy se va\u0161e nejbli\u017e\u0161\u00ed kamar\u00e1dka, dcera nebo sestra vd\u00e1v\u00e1 mohly u\u017e\u00edt ve stejn\u011b noblesn\u00edch \u0161atech, rozhodn\u011bte se pro obchod, kde jich je dostatek a jsou v\u00fdjime\u010dn\u00e9 v ka\u017ed\u00e9m ohledu.  Hle\u010fte i na p\u0159\u00e1n\u00ed samotn\u00e9 nev\u011bsty  Pokud m\u00e1 nev\u011bsta n\u011bjak\u00e9 specifick\u00e9 p\u0159\u00e1n\u00ed ohledn\u011b v\u00fdb\u011bru va\u0161ich spole\u010densk\u00fdch \u0161at\u016f na svatbu svatebni-saty-spolecenske-plesove.cz, rozhodn\u011b byste j\u00ed m\u011bli vyhov\u011bt. Jestli v\u0161ak nem\u00e1 konkr\u00e9tn\u00ed p\u0159edstavu o tom, v jak\u00e9 barv\u011b nebo d\u00e9lce \u0161at\u016f byste se m\u011bly jej\u00edho velk\u00e9ho dne z\u00fa\u010dastnit, m\u016f\u017eete volbu zam\u011b\u0159it na samotnou v\u00fdzdobu nebo i v\u00e1\u0161 osobn\u00ed vkus.  Pozornost byste m\u011bly v\u011bnovat i po\u010das\u00ed a v\u00fdb\u011bru m\u00edsta, proto\u017ee svatba v klimatizovan\u00e9 m\u00edstnosti a svatba venku na slun\u00ed\u010dku \u2013 jsou dva odli\u0161n\u00e9 pojmy. V nab\u00eddce \u0161at\u016f od n\u00e1vrh\u00e1\u0159ky Zoryany Stekhnovych si v\u0161ak vyberete spole\u010densk\u00e9 \u0161aty jak\u00e9koliv barvy a st\u0159ihu \u2013 tedy i do ka\u017ed\u00e9ho po\u010das\u00ed.  \u0160aty si m\u016f\u017eete zakoupit, ale i p\u016fj\u010dit  Jestli v\u00e1m n\u011bjak\u00e9 \u0161aty padnou takzvan\u011b do oka a vy si jich zamilujete u\u017e na prvn\u00ed pohled, m\u016f\u017eete si je dokonce zakoupit a uk\u00e1zat se v nich na dal\u0161\u00ed v\u00fdznamn\u00e9 p\u0159\u00edle\u017eitosti, kter\u00e1 v\u00e1s \u010dek\u00e1. Rozhodn\u011b v\u0161ak nep\u0159ehl\u00e9dn\u011bte nab\u00eddku, kter\u00e1 se zam\u011b\u0159uje na zap\u016fj\u010den\u00ed r\u016fzn\u00fdch kousk\u016f, kter\u00e9 je mo\u017en\u00e9 upravit i na m\u00edru. Spokojenost je d\u016fle\u017eit\u00e1 na obou stran\u00e1ch, pr\u00e1v\u011b proto se obra\u0165te na v\u00fdb\u011br vyhl\u00e1\u0161en\u00e9 p\u016fj\u010dovny a n\u00e1vrh\u00e1\u0159ky, kter\u00e1 v\u00e1s m\u016f\u017ee obl\u00e9knout do r\u00f3by, kter\u00e1 bude elegantn\u00ed, modern\u00ed a stylov\u00e1.  Na m\u00edru va\u0161im p\u0159edstav\u00e1m i velikosti  Jestli v\u00e1s v\u00fdb\u011br \u0161at\u016f, kter\u00e9 jsou v nab\u00eddce zaujme, ale i p\u0159esto byste si cht\u011bly nechat u\u0161\u00edt jedny dle va\u0161ich p\u0159edstav, m\u00e1te k dispozici mo\u017enost \u2013 nechat si jich u\u0161\u00edt na m\u00edru. Posta\u010d\u00ed, kdy\u017e si domluv\u00edte sch\u016fzku, na kter\u00e9 p\u0159edstav\u00edte slavn\u00e9 n\u00e1vrh\u00e1\u0159ce va\u0161i p\u0159edstavu a v\u0161echny pot\u0159ebn\u00e9 detaily k tomu, abyste byly nep\u0159ehl\u00e9dnuteln\u00e9.                                                                                                                                                                                                                                                                                                                                                                                          5\/5 - (2 votes)        "},{"@context":"https:\/\/schema.org\/","@type":"BreadcrumbList","itemListElement":[{"@type":"ListItem","position":1,"name":"\u0160aty, kter\u00e9 si obl\u00e9knete na svatbu","item":"https:\/\/www.brandel.cz\/saty-ktere-si-obleknete-na-svatbu\/#breadcrumbitem"}]}]