{"@context":"https:\/\/schema.org\/","@type":"CollectionPage","@id":"https:\/\/www.brandel.cz\/spolecnosti\/#CollectionPage","headline":"Spole\u010dnosti Category","description":"","url":"https:\/\/www.brandel.cz\/spolecnosti\/","hasPart":[{"@type":"Article","@id":"https:\/\/www.brandel.cz\/vyberte-si-ten-spravny-kousek\/","headline":"Vyberte si ten spr\u00e1vn\u00fd kousek","url":"https:\/\/www.brandel.cz\/vyberte-si-ten-spravny-kousek\/","datePublished":"2017-07-01","dateModified":"2023-04-26","mainEntityOfPage":"https:\/\/www.brandel.cz\/vyberte-si-ten-spravny-kousek\/","author":{"@type":"Person","@id":"https:\/\/www.brandel.cz\/author\/#Person","name":"","url":"https:\/\/www.brandel.cz\/author\/","identifier":1,"image":{"@type":"ImageObject","@id":"https:\/\/secure.gravatar.com\/avatar\/91506ed60e31abe586276a3e1420719df081581a820344a28fa2034bb1a2fe22?s=96&d=mm&r=g","url":"https:\/\/secure.gravatar.com\/avatar\/91506ed60e31abe586276a3e1420719df081581a820344a28fa2034bb1a2fe22?s=96&d=mm&r=g","height":96,"width":96}},"publisher":{"@type":"Organization","name":"brandel.cz","logo":{"@type":"ImageObject","@id":"\/logo.png","url":"\/logo.png","width":600,"height":60}},"image":{"@type":"ImageObject","@id":"https:\/\/www.brandel.cz\/wp-content\/uploads\/img_a294928_w2061_t1506631512.jpg","url":"https:\/\/www.brandel.cz\/wp-content\/uploads\/img_a294928_w2061_t1506631512.jpg","height":0,"width":0},"keywords":null},{"@type":"Article","@id":"https:\/\/www.brandel.cz\/i-vy-budete-zajiste-velice-spokojeni\/","headline":"I Vy budete zajist\u00e9 velice spokojeni","url":"https:\/\/www.brandel.cz\/i-vy-budete-zajiste-velice-spokojeni\/","datePublished":"2017-06-25","dateModified":"2017-06-25","mainEntityOfPage":"https:\/\/www.brandel.cz\/i-vy-budete-zajiste-velice-spokojeni\/","author":{"@type":"Person","@id":"https:\/\/www.brandel.cz\/author\/#Person","name":"","url":"https:\/\/www.brandel.cz\/author\/","identifier":1,"image":{"@type":"ImageObject","@id":"https:\/\/secure.gravatar.com\/avatar\/91506ed60e31abe586276a3e1420719df081581a820344a28fa2034bb1a2fe22?s=96&d=mm&r=g","url":"https:\/\/secure.gravatar.com\/avatar\/91506ed60e31abe586276a3e1420719df081581a820344a28fa2034bb1a2fe22?s=96&d=mm&r=g","height":96,"width":96}},"publisher":{"@type":"Organization","name":"brandel.cz","logo":{"@type":"ImageObject","@id":"\/logo.png","url":"\/logo.png","width":600,"height":60}},"image":{"@type":"ImageObject","@id":"https:\/\/www.brandel.cz\/wp-content\/uploads\/img_a296379_w1968_t1507477594.jpg","url":"https:\/\/www.brandel.cz\/wp-content\/uploads\/img_a296379_w1968_t1507477594.jpg","height":0,"width":0},"keywords":null},{"@type":"Article","@id":"https:\/\/www.brandel.cz\/nuru-masaze\/","headline":"Nuru mas\u00e1\u017ee","url":"https:\/\/www.brandel.cz\/nuru-masaze\/","datePublished":"2017-06-25","dateModified":"2017-06-25","mainEntityOfPage":"https:\/\/www.brandel.cz\/nuru-masaze\/","author":{"@type":"Person","@id":"https:\/\/www.brandel.cz\/author\/#Person","name":"","url":"https:\/\/www.brandel.cz\/author\/","identifier":1,"image":{"@type":"ImageObject","@id":"https:\/\/secure.gravatar.com\/avatar\/91506ed60e31abe586276a3e1420719df081581a820344a28fa2034bb1a2fe22?s=96&d=mm&r=g","url":"https:\/\/secure.gravatar.com\/avatar\/91506ed60e31abe586276a3e1420719df081581a820344a28fa2034bb1a2fe22?s=96&d=mm&r=g","height":96,"width":96}},"publisher":{"@type":"Organization","name":"brandel.cz","logo":{"@type":"ImageObject","@id":"\/logo.png","url":"\/logo.png","width":600,"height":60}},"image":{"@type":"ImageObject","@id":"https:\/\/www.brandel.cz\/wp-content\/uploads\/img_a289075_w1743_t1500462253.jpg","url":"https:\/\/www.brandel.cz\/wp-content\/uploads\/img_a289075_w1743_t1500462253.jpg","height":0,"width":0},"keywords":null},{"@type":"Article","@id":"https:\/\/www.brandel.cz\/abyste-se-doma-citili-dobre\/","headline":"Abyste se doma c\u00edtili dob\u0159e","url":"https:\/\/www.brandel.cz\/abyste-se-doma-citili-dobre\/","datePublished":"2017-06-12","dateModified":"2023-04-26","mainEntityOfPage":"https:\/\/www.brandel.cz\/abyste-se-doma-citili-dobre\/","author":{"@type":"Person","@id":"https:\/\/www.brandel.cz\/author\/#Person","name":"","url":"https:\/\/www.brandel.cz\/author\/","identifier":1,"image":{"@type":"ImageObject","@id":"https:\/\/secure.gravatar.com\/avatar\/91506ed60e31abe586276a3e1420719df081581a820344a28fa2034bb1a2fe22?s=96&d=mm&r=g","url":"https:\/\/secure.gravatar.com\/avatar\/91506ed60e31abe586276a3e1420719df081581a820344a28fa2034bb1a2fe22?s=96&d=mm&r=g","height":96,"width":96}},"publisher":{"@type":"Organization","name":"brandel.cz","logo":{"@type":"ImageObject","@id":"\/logo.png","url":"\/logo.png","width":600,"height":60}},"image":{"@type":"ImageObject","@id":"https:\/\/www.brandel.cz\/wp-content\/uploads\/img_a296393_w2083_t1507479296.png","url":"https:\/\/www.brandel.cz\/wp-content\/uploads\/img_a296393_w2083_t1507479296.png","height":0,"width":0},"keywords":null},{"@type":"Article","@id":"https:\/\/www.brandel.cz\/pronajem-vam-penize-i-cas-rozhodne-usetri\/","headline":"Pron\u00e1jem V\u00e1m pen\u00edze i \u010das rozhodn\u011b u\u0161et\u0159\u00ed","url":"https:\/\/www.brandel.cz\/pronajem-vam-penize-i-cas-rozhodne-usetri\/","datePublished":"2017-06-11","dateModified":"2023-04-26","mainEntityOfPage":"https:\/\/www.brandel.cz\/pronajem-vam-penize-i-cas-rozhodne-usetri\/","author":{"@type":"Person","@id":"https:\/\/www.brandel.cz\/author\/#Person","name":"","url":"https:\/\/www.brandel.cz\/author\/","identifier":1,"image":{"@type":"ImageObject","@id":"https:\/\/secure.gravatar.com\/avatar\/91506ed60e31abe586276a3e1420719df081581a820344a28fa2034bb1a2fe22?s=96&d=mm&r=g","url":"https:\/\/secure.gravatar.com\/avatar\/91506ed60e31abe586276a3e1420719df081581a820344a28fa2034bb1a2fe22?s=96&d=mm&r=g","height":96,"width":96}},"publisher":{"@type":"Organization","name":"brandel.cz","logo":{"@type":"ImageObject","@id":"\/logo.png","url":"\/logo.png","width":600,"height":60}},"image":{"@type":"ImageObject","@id":"https:\/\/www.brandel.cz\/wp-content\/uploads\/img_a289050_w2032_t1500451338.jpg","url":"https:\/\/www.brandel.cz\/wp-content\/uploads\/img_a289050_w2032_t1500451338.jpg","height":0,"width":0},"keywords":null},{"@type":"Article","@id":"https:\/\/www.brandel.cz\/zrekonstruujte-si-rodinny-dum\/","headline":"Zrekonstruujte si rodinn\u00fd d\u016fm","url":"https:\/\/www.brandel.cz\/zrekonstruujte-si-rodinny-dum\/","datePublished":"2017-06-08","dateModified":"2023-04-26","mainEntityOfPage":"https:\/\/www.brandel.cz\/zrekonstruujte-si-rodinny-dum\/","author":{"@type":"Person","@id":"https:\/\/www.brandel.cz\/author\/#Person","name":"","url":"https:\/\/www.brandel.cz\/author\/","identifier":1,"image":{"@type":"ImageObject","@id":"https:\/\/secure.gravatar.com\/avatar\/91506ed60e31abe586276a3e1420719df081581a820344a28fa2034bb1a2fe22?s=96&d=mm&r=g","url":"https:\/\/secure.gravatar.com\/avatar\/91506ed60e31abe586276a3e1420719df081581a820344a28fa2034bb1a2fe22?s=96&d=mm&r=g","height":96,"width":96}},"publisher":{"@type":"Organization","name":"brandel.cz","logo":{"@type":"ImageObject","@id":"\/logo.png","url":"\/logo.png","width":600,"height":60}},"image":{"@type":"ImageObject","@id":"https:\/\/www.brandel.cz\/wp-content\/uploads\/img_a289426_w2051_t1500883366.jpg","url":"https:\/\/www.brandel.cz\/wp-content\/uploads\/img_a289426_w2051_t1500883366.jpg","height":0,"width":0},"keywords":null},{"@type":"Article","@id":"https:\/\/www.brandel.cz\/genetika-odhali-vady-ve-vyvoji-plodu\/","headline":"Genetika odhal\u00ed vady ve v\u00fdvoji plodu","url":"https:\/\/www.brandel.cz\/genetika-odhali-vady-ve-vyvoji-plodu\/","datePublished":"2017-06-07","dateModified":"2023-04-26","mainEntityOfPage":"https:\/\/www.brandel.cz\/genetika-odhali-vady-ve-vyvoji-plodu\/","author":{"@type":"Person","@id":"https:\/\/www.brandel.cz\/author\/#Person","name":"","url":"https:\/\/www.brandel.cz\/author\/","identifier":1,"image":{"@type":"ImageObject","@id":"https:\/\/secure.gravatar.com\/avatar\/91506ed60e31abe586276a3e1420719df081581a820344a28fa2034bb1a2fe22?s=96&d=mm&r=g","url":"https:\/\/secure.gravatar.com\/avatar\/91506ed60e31abe586276a3e1420719df081581a820344a28fa2034bb1a2fe22?s=96&d=mm&r=g","height":96,"width":96}},"publisher":{"@type":"Organization","name":"brandel.cz","logo":{"@type":"ImageObject","@id":"\/logo.png","url":"\/logo.png","width":600,"height":60}},"image":{"@type":"ImageObject","@id":"https:\/\/www.brandel.cz\/wp-content\/uploads\/img_a289493_w2086_t1500896567.jpg","url":"https:\/\/www.brandel.cz\/wp-content\/uploads\/img_a289493_w2086_t1500896567.jpg","height":0,"width":0},"keywords":null},{"@type":"Article","@id":"https:\/\/www.brandel.cz\/s-prazdnou-domu-rozhodne-neprijdete\/","headline":"S pr\u00e1zdnou dom\u016f rozhodn\u011b nep\u0159ijdete","url":"https:\/\/www.brandel.cz\/s-prazdnou-domu-rozhodne-neprijdete\/","datePublished":"2017-06-07","dateModified":"2023-04-26","mainEntityOfPage":"https:\/\/www.brandel.cz\/s-prazdnou-domu-rozhodne-neprijdete\/","author":{"@type":"Person","@id":"https:\/\/www.brandel.cz\/author\/#Person","name":"","url":"https:\/\/www.brandel.cz\/author\/","identifier":1,"image":{"@type":"ImageObject","@id":"https:\/\/secure.gravatar.com\/avatar\/91506ed60e31abe586276a3e1420719df081581a820344a28fa2034bb1a2fe22?s=96&d=mm&r=g","url":"https:\/\/secure.gravatar.com\/avatar\/91506ed60e31abe586276a3e1420719df081581a820344a28fa2034bb1a2fe22?s=96&d=mm&r=g","height":96,"width":96}},"publisher":{"@type":"Organization","name":"brandel.cz","logo":{"@type":"ImageObject","@id":"\/logo.png","url":"\/logo.png","width":600,"height":60}},"image":{"@type":"ImageObject","@id":"https:\/\/www.brandel.cz\/wp-content\/uploads\/img_a293433_w2129_t1505727678.jpg","url":"https:\/\/www.brandel.cz\/wp-content\/uploads\/img_a293433_w2129_t1505727678.jpg","height":0,"width":0},"keywords":null},{"@type":"Article","@id":"https:\/\/www.brandel.cz\/misto-pro-vase-vysoke-pracovni-nasazeni\/","headline":"M\u00edsto pro va\u0161e vysok\u00e9 pracovn\u00ed nasazen\u00ed","url":"https:\/\/www.brandel.cz\/misto-pro-vase-vysoke-pracovni-nasazeni\/","datePublished":"2017-05-11","dateModified":"2023-04-26","mainEntityOfPage":"https:\/\/www.brandel.cz\/misto-pro-vase-vysoke-pracovni-nasazeni\/","author":{"@type":"Person","@id":"https:\/\/www.brandel.cz\/author\/#Person","name":"","url":"https:\/\/www.brandel.cz\/author\/","identifier":1,"image":{"@type":"ImageObject","@id":"https:\/\/secure.gravatar.com\/avatar\/91506ed60e31abe586276a3e1420719df081581a820344a28fa2034bb1a2fe22?s=96&d=mm&r=g","url":"https:\/\/secure.gravatar.com\/avatar\/91506ed60e31abe586276a3e1420719df081581a820344a28fa2034bb1a2fe22?s=96&d=mm&r=g","height":96,"width":96}},"publisher":{"@type":"Organization","name":"brandel.cz","logo":{"@type":"ImageObject","@id":"\/logo.png","url":"\/logo.png","width":600,"height":60}},"image":{"@type":"ImageObject","@id":"https:\/\/www.brandel.cz\/wp-content\/uploads\/img_a286932_w1997_t1497258451.jpg","url":"https:\/\/www.brandel.cz\/wp-content\/uploads\/img_a286932_w1997_t1497258451.jpg","height":0,"width":0},"keywords":null},{"@type":"Article","@id":"https:\/\/www.brandel.cz\/vse-pro-vasi-kancelar-na-jednom-miste\/","headline":"V\u0161e pro Va\u0161i kancel\u00e1\u0159 na jednom m\u00edst\u011b","url":"https:\/\/www.brandel.cz\/vse-pro-vasi-kancelar-na-jednom-miste\/","datePublished":"2017-05-11","dateModified":"2023-04-26","mainEntityOfPage":"https:\/\/www.brandel.cz\/vse-pro-vasi-kancelar-na-jednom-miste\/","author":{"@type":"Person","@id":"https:\/\/www.brandel.cz\/author\/#Person","name":"","url":"https:\/\/www.brandel.cz\/author\/","identifier":1,"image":{"@type":"ImageObject","@id":"https:\/\/secure.gravatar.com\/avatar\/91506ed60e31abe586276a3e1420719df081581a820344a28fa2034bb1a2fe22?s=96&d=mm&r=g","url":"https:\/\/secure.gravatar.com\/avatar\/91506ed60e31abe586276a3e1420719df081581a820344a28fa2034bb1a2fe22?s=96&d=mm&r=g","height":96,"width":96}},"publisher":{"@type":"Organization","name":"brandel.cz","logo":{"@type":"ImageObject","@id":"\/logo.png","url":"\/logo.png","width":600,"height":60}},"image":{"@type":"ImageObject","@id":"https:\/\/www.brandel.cz\/wp-content\/uploads\/img_a288340_w2262_t1498746619.png","url":"https:\/\/www.brandel.cz\/wp-content\/uploads\/img_a288340_w2262_t1498746619.png","height":0,"width":0},"keywords":null}]}