{"@context":"https:\/\/schema.org\/","@type":"CollectionPage","@id":"https:\/\/www.brandel.cz\/spolecnosti\/#CollectionPage","headline":"Spole\u010dnosti Category","description":"","url":"https:\/\/www.brandel.cz\/spolecnosti\/","hasPart":[{"@type":"Article","@id":"https:\/\/www.brandel.cz\/mene-starosti-diky-profesionalnimu-reseni\/","headline":"M\u00e9n\u011b starost\u00ed d\u00edky profesion\u00e1ln\u00edmu \u0159e\u0161en\u00ed","url":"https:\/\/www.brandel.cz\/mene-starosti-diky-profesionalnimu-reseni\/","datePublished":"2017-05-04","dateModified":"2023-04-26","mainEntityOfPage":"https:\/\/www.brandel.cz\/mene-starosti-diky-profesionalnimu-reseni\/","author":{"@type":"Person","@id":"https:\/\/www.brandel.cz\/author\/#Person","name":"","url":"https:\/\/www.brandel.cz\/author\/","identifier":1,"image":{"@type":"ImageObject","@id":"https:\/\/secure.gravatar.com\/avatar\/91506ed60e31abe586276a3e1420719df081581a820344a28fa2034bb1a2fe22?s=96&d=mm&r=g","url":"https:\/\/secure.gravatar.com\/avatar\/91506ed60e31abe586276a3e1420719df081581a820344a28fa2034bb1a2fe22?s=96&d=mm&r=g","height":96,"width":96}},"publisher":{"@type":"Organization","name":"brandel.cz","logo":{"@type":"ImageObject","@id":"\/logo.png","url":"\/logo.png","width":600,"height":60}},"image":{"@type":"ImageObject","@id":"https:\/\/www.brandel.cz\/wp-content\/uploads\/img_a290712_w2141_t1503401343.jpg","url":"https:\/\/www.brandel.cz\/wp-content\/uploads\/img_a290712_w2141_t1503401343.jpg","height":0,"width":0},"keywords":null},{"@type":"Article","@id":"https:\/\/www.brandel.cz\/poznejte-zazitky-ktere-si-uzijete-na-maximum\/","headline":"Poznejte z\u00e1\u017eitky, kter\u00e9 si u\u017eijete na maximum","url":"https:\/\/www.brandel.cz\/poznejte-zazitky-ktere-si-uzijete-na-maximum\/","datePublished":"2017-04-10","dateModified":"2023-04-26","mainEntityOfPage":"https:\/\/www.brandel.cz\/poznejte-zazitky-ktere-si-uzijete-na-maximum\/","author":{"@type":"Person","@id":"https:\/\/www.brandel.cz\/author\/#Person","name":"","url":"https:\/\/www.brandel.cz\/author\/","identifier":1,"image":{"@type":"ImageObject","@id":"https:\/\/secure.gravatar.com\/avatar\/91506ed60e31abe586276a3e1420719df081581a820344a28fa2034bb1a2fe22?s=96&d=mm&r=g","url":"https:\/\/secure.gravatar.com\/avatar\/91506ed60e31abe586276a3e1420719df081581a820344a28fa2034bb1a2fe22?s=96&d=mm&r=g","height":96,"width":96}},"publisher":{"@type":"Organization","name":"brandel.cz","logo":{"@type":"ImageObject","@id":"\/logo.png","url":"\/logo.png","width":600,"height":60}},"image":{"@type":"ImageObject","@id":"https:\/\/www.brandel.cz\/wp-content\/uploads\/img_a288152_w2217_t1498639506.jpg","url":"https:\/\/www.brandel.cz\/wp-content\/uploads\/img_a288152_w2217_t1498639506.jpg","height":0,"width":0},"keywords":null},{"@type":"Article","@id":"https:\/\/www.brandel.cz\/vsadte-na-ty-spravne-sluzby\/","headline":"Vsa\u010fte na ty spr\u00e1vn\u00e9 slu\u017eby","url":"https:\/\/www.brandel.cz\/vsadte-na-ty-spravne-sluzby\/","datePublished":"2017-04-07","dateModified":"2023-04-26","mainEntityOfPage":"https:\/\/www.brandel.cz\/vsadte-na-ty-spravne-sluzby\/","author":{"@type":"Person","@id":"https:\/\/www.brandel.cz\/author\/#Person","name":"","url":"https:\/\/www.brandel.cz\/author\/","identifier":1,"image":{"@type":"ImageObject","@id":"https:\/\/secure.gravatar.com\/avatar\/91506ed60e31abe586276a3e1420719df081581a820344a28fa2034bb1a2fe22?s=96&d=mm&r=g","url":"https:\/\/secure.gravatar.com\/avatar\/91506ed60e31abe586276a3e1420719df081581a820344a28fa2034bb1a2fe22?s=96&d=mm&r=g","height":96,"width":96}},"publisher":{"@type":"Organization","name":"brandel.cz","logo":{"@type":"ImageObject","@id":"\/logo.png","url":"\/logo.png","width":600,"height":60}},"image":{"@type":"ImageObject","@id":"https:\/\/www.brandel.cz\/wp-content\/uploads\/img_a287866_w2039_t1498462274.jpg","url":"https:\/\/www.brandel.cz\/wp-content\/uploads\/img_a287866_w2039_t1498462274.jpg","height":0,"width":0},"keywords":null},{"@type":"Article","@id":"https:\/\/www.brandel.cz\/ucinky-jsou-silne-a-opravdu-luxusni\/","headline":"\u00da\u010dinky jsou siln\u00e9 a opravdu luxusn\u00ed!","url":"https:\/\/www.brandel.cz\/ucinky-jsou-silne-a-opravdu-luxusni\/","datePublished":"2017-04-06","dateModified":"2023-04-26","mainEntityOfPage":"https:\/\/www.brandel.cz\/ucinky-jsou-silne-a-opravdu-luxusni\/","author":{"@type":"Person","@id":"https:\/\/www.brandel.cz\/author\/#Person","name":"","url":"https:\/\/www.brandel.cz\/author\/","identifier":1,"image":{"@type":"ImageObject","@id":"https:\/\/secure.gravatar.com\/avatar\/91506ed60e31abe586276a3e1420719df081581a820344a28fa2034bb1a2fe22?s=96&d=mm&r=g","url":"https:\/\/secure.gravatar.com\/avatar\/91506ed60e31abe586276a3e1420719df081581a820344a28fa2034bb1a2fe22?s=96&d=mm&r=g","height":96,"width":96}},"publisher":{"@type":"Organization","name":"brandel.cz","logo":{"@type":"ImageObject","@id":"\/logo.png","url":"\/logo.png","width":600,"height":60}},"image":{"@type":"ImageObject","@id":"https:\/\/www.brandel.cz\/wp-content\/uploads\/img_a287880_w2034_t1498469680.jpg","url":"https:\/\/www.brandel.cz\/wp-content\/uploads\/img_a287880_w2034_t1498469680.jpg","height":0,"width":0},"keywords":null},{"@type":"Article","@id":"https:\/\/www.brandel.cz\/vsechno-se-da-zvladnout\/","headline":"V\u0161echno se d\u00e1 zvl\u00e1dnout","url":"https:\/\/www.brandel.cz\/vsechno-se-da-zvladnout\/","datePublished":"2017-04-04","dateModified":"2023-04-26","mainEntityOfPage":"https:\/\/www.brandel.cz\/vsechno-se-da-zvladnout\/","author":{"@type":"Person","@id":"https:\/\/www.brandel.cz\/author\/#Person","name":"","url":"https:\/\/www.brandel.cz\/author\/","identifier":1,"image":{"@type":"ImageObject","@id":"https:\/\/secure.gravatar.com\/avatar\/91506ed60e31abe586276a3e1420719df081581a820344a28fa2034bb1a2fe22?s=96&d=mm&r=g","url":"https:\/\/secure.gravatar.com\/avatar\/91506ed60e31abe586276a3e1420719df081581a820344a28fa2034bb1a2fe22?s=96&d=mm&r=g","height":96,"width":96}},"publisher":{"@type":"Organization","name":"brandel.cz","logo":{"@type":"ImageObject","@id":"\/logo.png","url":"\/logo.png","width":600,"height":60}},"image":{"@type":"ImageObject","@id":"https:\/\/www.brandel.cz\/wp-content\/uploads\/img_a286941_w2051_t1497287328.jpg","url":"https:\/\/www.brandel.cz\/wp-content\/uploads\/img_a286941_w2051_t1497287328.jpg","height":0,"width":0},"keywords":null},{"@type":"Article","@id":"https:\/\/www.brandel.cz\/chtejte-zazit-neco-nepoznaneho\/","headline":"Cht\u011bjte za\u017e\u00edt n\u011bco nepoznan\u00e9ho","url":"https:\/\/www.brandel.cz\/chtejte-zazit-neco-nepoznaneho\/","datePublished":"2017-03-25","dateModified":"2023-04-26","mainEntityOfPage":"https:\/\/www.brandel.cz\/chtejte-zazit-neco-nepoznaneho\/","author":{"@type":"Person","@id":"https:\/\/www.brandel.cz\/author\/#Person","name":"","url":"https:\/\/www.brandel.cz\/author\/","identifier":1,"image":{"@type":"ImageObject","@id":"https:\/\/secure.gravatar.com\/avatar\/91506ed60e31abe586276a3e1420719df081581a820344a28fa2034bb1a2fe22?s=96&d=mm&r=g","url":"https:\/\/secure.gravatar.com\/avatar\/91506ed60e31abe586276a3e1420719df081581a820344a28fa2034bb1a2fe22?s=96&d=mm&r=g","height":96,"width":96}},"publisher":{"@type":"Organization","name":"brandel.cz","logo":{"@type":"ImageObject","@id":"\/logo.png","url":"\/logo.png","width":600,"height":60}},"image":null,"keywords":null},{"@type":"Article","@id":"https:\/\/www.brandel.cz\/vyroba-elektroniky-vysoke-kvality-se-vam-vyplati\/","headline":"V\u00fdroba elektroniky vysok\u00e9 kvality se v\u00e1m vyplat\u00ed","url":"https:\/\/www.brandel.cz\/vyroba-elektroniky-vysoke-kvality-se-vam-vyplati\/","datePublished":"2017-03-19","dateModified":"2023-04-26","mainEntityOfPage":"https:\/\/www.brandel.cz\/vyroba-elektroniky-vysoke-kvality-se-vam-vyplati\/","author":{"@type":"Person","@id":"https:\/\/www.brandel.cz\/author\/#Person","name":"","url":"https:\/\/www.brandel.cz\/author\/","identifier":1,"image":{"@type":"ImageObject","@id":"https:\/\/secure.gravatar.com\/avatar\/91506ed60e31abe586276a3e1420719df081581a820344a28fa2034bb1a2fe22?s=96&d=mm&r=g","url":"https:\/\/secure.gravatar.com\/avatar\/91506ed60e31abe586276a3e1420719df081581a820344a28fa2034bb1a2fe22?s=96&d=mm&r=g","height":96,"width":96}},"publisher":{"@type":"Organization","name":"brandel.cz","logo":{"@type":"ImageObject","@id":"\/logo.png","url":"\/logo.png","width":600,"height":60}},"image":null,"keywords":null},{"@type":"Article","@id":"https:\/\/www.brandel.cz\/vsadte-na-zarucene-reseni\/","headline":"Vsa\u010fte na zaru\u010den\u00e9 \u0159e\u0161en\u00ed","url":"https:\/\/www.brandel.cz\/vsadte-na-zarucene-reseni\/","datePublished":"2017-03-12","dateModified":"2023-04-26","mainEntityOfPage":"https:\/\/www.brandel.cz\/vsadte-na-zarucene-reseni\/","author":{"@type":"Person","@id":"https:\/\/www.brandel.cz\/author\/#Person","name":"","url":"https:\/\/www.brandel.cz\/author\/","identifier":1,"image":{"@type":"ImageObject","@id":"https:\/\/secure.gravatar.com\/avatar\/91506ed60e31abe586276a3e1420719df081581a820344a28fa2034bb1a2fe22?s=96&d=mm&r=g","url":"https:\/\/secure.gravatar.com\/avatar\/91506ed60e31abe586276a3e1420719df081581a820344a28fa2034bb1a2fe22?s=96&d=mm&r=g","height":96,"width":96}},"publisher":{"@type":"Organization","name":"brandel.cz","logo":{"@type":"ImageObject","@id":"\/logo.png","url":"\/logo.png","width":600,"height":60}},"image":null,"keywords":null},{"@type":"Article","@id":"https:\/\/www.brandel.cz\/objednejte-si-autojerab\/","headline":"Objednejte si autoje\u0159\u00e1b","url":"https:\/\/www.brandel.cz\/objednejte-si-autojerab\/","datePublished":"2017-03-10","dateModified":"2023-04-26","mainEntityOfPage":"https:\/\/www.brandel.cz\/objednejte-si-autojerab\/","author":{"@type":"Person","@id":"https:\/\/www.brandel.cz\/author\/#Person","name":"","url":"https:\/\/www.brandel.cz\/author\/","identifier":1,"image":{"@type":"ImageObject","@id":"https:\/\/secure.gravatar.com\/avatar\/91506ed60e31abe586276a3e1420719df081581a820344a28fa2034bb1a2fe22?s=96&d=mm&r=g","url":"https:\/\/secure.gravatar.com\/avatar\/91506ed60e31abe586276a3e1420719df081581a820344a28fa2034bb1a2fe22?s=96&d=mm&r=g","height":96,"width":96}},"publisher":{"@type":"Organization","name":"brandel.cz","logo":{"@type":"ImageObject","@id":"\/logo.png","url":"\/logo.png","width":600,"height":60}},"image":null,"keywords":null},{"@type":"Article","@id":"https:\/\/www.brandel.cz\/zkuste-neco-noveho\/","headline":"Zkuste n\u011bco nov\u00e9ho","url":"https:\/\/www.brandel.cz\/zkuste-neco-noveho\/","datePublished":"2017-03-06","dateModified":"2023-04-26","mainEntityOfPage":"https:\/\/www.brandel.cz\/zkuste-neco-noveho\/","author":{"@type":"Person","@id":"https:\/\/www.brandel.cz\/author\/#Person","name":"","url":"https:\/\/www.brandel.cz\/author\/","identifier":1,"image":{"@type":"ImageObject","@id":"https:\/\/secure.gravatar.com\/avatar\/91506ed60e31abe586276a3e1420719df081581a820344a28fa2034bb1a2fe22?s=96&d=mm&r=g","url":"https:\/\/secure.gravatar.com\/avatar\/91506ed60e31abe586276a3e1420719df081581a820344a28fa2034bb1a2fe22?s=96&d=mm&r=g","height":96,"width":96}},"publisher":{"@type":"Organization","name":"brandel.cz","logo":{"@type":"ImageObject","@id":"\/logo.png","url":"\/logo.png","width":600,"height":60}},"image":null,"keywords":null}]}