{"@context":"https:\/\/schema.org\/","@type":"CollectionPage","@id":"https:\/\/www.brandel.cz\/spolecnosti\/#CollectionPage","headline":"Spole\u010dnosti Category","description":"","url":"https:\/\/www.brandel.cz\/spolecnosti\/","hasPart":[{"@type":"Article","@id":"https:\/\/www.brandel.cz\/solarni-studio-olomouc-masarykova-trida-p-221\/","headline":"Sol\u00e1rn\u00ed studio Olomouc, Masarykova t\u0159\u00edda, p. 221","url":"https:\/\/www.brandel.cz\/solarni-studio-olomouc-masarykova-trida-p-221\/","datePublished":"2020-03-20","dateModified":"2023-09-01","mainEntityOfPage":"https:\/\/www.brandel.cz\/solarni-studio-olomouc-masarykova-trida-p-221\/","author":{"@type":"Person","@id":"https:\/\/www.brandel.cz\/author\/#Person","name":"","url":"https:\/\/www.brandel.cz\/author\/","identifier":1,"image":{"@type":"ImageObject","@id":"https:\/\/secure.gravatar.com\/avatar\/91506ed60e31abe586276a3e1420719df081581a820344a28fa2034bb1a2fe22?s=96&d=mm&r=g","url":"https:\/\/secure.gravatar.com\/avatar\/91506ed60e31abe586276a3e1420719df081581a820344a28fa2034bb1a2fe22?s=96&d=mm&r=g","height":96,"width":96}},"publisher":{"@type":"Organization","name":"brandel.cz","logo":{"@type":"ImageObject","@id":"\/logo.png","url":"\/logo.png","width":600,"height":60}},"image":{"@type":"ImageObject","@id":"https:\/\/www.brandel.cz\/wp-content\/uploads\/img_a373750_w3716_t1585208115.jpg","url":"https:\/\/www.brandel.cz\/wp-content\/uploads\/img_a373750_w3716_t1585208115.jpg","height":0,"width":0},"keywords":null},{"@type":"Article","@id":"https:\/\/www.brandel.cz\/manzelska-poradna-je-velmi-podcenovana\/","headline":"Man\u017eelsk\u00e1 poradna je velmi podce\u0148ovan\u00e1","url":"https:\/\/www.brandel.cz\/manzelska-poradna-je-velmi-podcenovana\/","datePublished":"2020-03-15","dateModified":"2023-04-26","mainEntityOfPage":"https:\/\/www.brandel.cz\/manzelska-poradna-je-velmi-podcenovana\/","author":{"@type":"Person","@id":"https:\/\/www.brandel.cz\/author\/#Person","name":"","url":"https:\/\/www.brandel.cz\/author\/","identifier":1,"image":{"@type":"ImageObject","@id":"https:\/\/secure.gravatar.com\/avatar\/91506ed60e31abe586276a3e1420719df081581a820344a28fa2034bb1a2fe22?s=96&d=mm&r=g","url":"https:\/\/secure.gravatar.com\/avatar\/91506ed60e31abe586276a3e1420719df081581a820344a28fa2034bb1a2fe22?s=96&d=mm&r=g","height":96,"width":96}},"publisher":{"@type":"Organization","name":"brandel.cz","logo":{"@type":"ImageObject","@id":"\/logo.png","url":"\/logo.png","width":600,"height":60}},"image":{"@type":"ImageObject","@id":"https:\/\/www.brandel.cz\/wp-content\/uploads\/st%C5%99%C3%ADh%C3%A1n%C3%AD%20man%C5%BEelsk%C3%A9%20smlouvy.jpg","url":"https:\/\/www.brandel.cz\/wp-content\/uploads\/st%C5%99%C3%ADh%C3%A1n%C3%AD%20man%C5%BEelsk%C3%A9%20smlouvy.jpg","height":0,"width":0},"keywords":null},{"@type":"Article","@id":"https:\/\/www.brandel.cz\/dobra-a-efektivni-reklama-nemusi-byt-nutne-slozita\/","headline":"Dobr\u00e1 a efektivn\u00ed reklama nemus\u00ed b\u00fdt nutn\u011b slo\u017eit\u00e1!","url":"https:\/\/www.brandel.cz\/dobra-a-efektivni-reklama-nemusi-byt-nutne-slozita\/","datePublished":"2020-03-09","dateModified":"2023-04-26","mainEntityOfPage":"https:\/\/www.brandel.cz\/dobra-a-efektivni-reklama-nemusi-byt-nutne-slozita\/","author":{"@type":"Person","@id":"https:\/\/www.brandel.cz\/author\/#Person","name":"","url":"https:\/\/www.brandel.cz\/author\/","identifier":1,"image":{"@type":"ImageObject","@id":"https:\/\/secure.gravatar.com\/avatar\/91506ed60e31abe586276a3e1420719df081581a820344a28fa2034bb1a2fe22?s=96&d=mm&r=g","url":"https:\/\/secure.gravatar.com\/avatar\/91506ed60e31abe586276a3e1420719df081581a820344a28fa2034bb1a2fe22?s=96&d=mm&r=g","height":96,"width":96}},"publisher":{"@type":"Organization","name":"brandel.cz","logo":{"@type":"ImageObject","@id":"\/logo.png","url":"\/logo.png","width":600,"height":60}},"image":{"@type":"ImageObject","@id":"https:\/\/www.brandel.cz\/wp-content\/uploads\/iphone-500291_640.jpg","url":"https:\/\/www.brandel.cz\/wp-content\/uploads\/iphone-500291_640.jpg","height":0,"width":0},"keywords":null},{"@type":"Article","@id":"https:\/\/www.brandel.cz\/s-dodavkou-jde-vsechno-lepe\/","headline":"S dod\u00e1vkou jde v\u0161echno l\u00e9pe","url":"https:\/\/www.brandel.cz\/s-dodavkou-jde-vsechno-lepe\/","datePublished":"2020-03-07","dateModified":"2023-08-18","mainEntityOfPage":"https:\/\/www.brandel.cz\/s-dodavkou-jde-vsechno-lepe\/","author":{"@type":"Person","@id":"https:\/\/www.brandel.cz\/author\/#Person","name":"","url":"https:\/\/www.brandel.cz\/author\/","identifier":1,"image":{"@type":"ImageObject","@id":"https:\/\/secure.gravatar.com\/avatar\/91506ed60e31abe586276a3e1420719df081581a820344a28fa2034bb1a2fe22?s=96&d=mm&r=g","url":"https:\/\/secure.gravatar.com\/avatar\/91506ed60e31abe586276a3e1420719df081581a820344a28fa2034bb1a2fe22?s=96&d=mm&r=g","height":96,"width":96}},"publisher":{"@type":"Organization","name":"brandel.cz","logo":{"@type":"ImageObject","@id":"\/logo.png","url":"\/logo.png","width":600,"height":60}},"image":{"@type":"ImageObject","@id":"https:\/\/www.brandel.cz\/wp-content\/uploads\/p%C5%99epravn%C3%AD%20dod%C3%A1vka.png","url":"https:\/\/www.brandel.cz\/wp-content\/uploads\/p%C5%99epravn%C3%AD%20dod%C3%A1vka.png","height":0,"width":0},"keywords":null},{"@type":"Article","@id":"https:\/\/www.brandel.cz\/profesionalni-cisteni-kobercu-vas-zachrani\/","headline":"Profesion\u00e1ln\u00ed \u010di\u0161t\u011bn\u00ed koberc\u016f v\u00e1s zachr\u00e1n\u00ed","url":"https:\/\/www.brandel.cz\/profesionalni-cisteni-kobercu-vas-zachrani\/","datePublished":"2020-02-10","dateModified":"2023-04-26","mainEntityOfPage":"https:\/\/www.brandel.cz\/profesionalni-cisteni-kobercu-vas-zachrani\/","author":{"@type":"Person","@id":"https:\/\/www.brandel.cz\/author\/#Person","name":"","url":"https:\/\/www.brandel.cz\/author\/","identifier":1,"image":{"@type":"ImageObject","@id":"https:\/\/secure.gravatar.com\/avatar\/91506ed60e31abe586276a3e1420719df081581a820344a28fa2034bb1a2fe22?s=96&d=mm&r=g","url":"https:\/\/secure.gravatar.com\/avatar\/91506ed60e31abe586276a3e1420719df081581a820344a28fa2034bb1a2fe22?s=96&d=mm&r=g","height":96,"width":96}},"publisher":{"@type":"Organization","name":"brandel.cz","logo":{"@type":"ImageObject","@id":"\/logo.png","url":"\/logo.png","width":600,"height":60}},"image":{"@type":"ImageObject","@id":"https:\/\/www.brandel.cz\/wp-content\/uploads\/img_a373695_w3716_t1585135032.jpg","url":"https:\/\/www.brandel.cz\/wp-content\/uploads\/img_a373695_w3716_t1585135032.jpg","height":0,"width":0},"keywords":null},{"@type":"Article","@id":"https:\/\/www.brandel.cz\/prodej-pouzitych-kovoobrabecich-stroju\/","headline":"Prodej pou\u017eit\u00fdch kovoobr\u00e1b\u011bc\u00edch stroj\u016f","url":"https:\/\/www.brandel.cz\/prodej-pouzitych-kovoobrabecich-stroju\/","datePublished":"2020-02-01","dateModified":"2023-04-26","mainEntityOfPage":"https:\/\/www.brandel.cz\/prodej-pouzitych-kovoobrabecich-stroju\/","author":{"@type":"Person","@id":"https:\/\/www.brandel.cz\/author\/#Person","name":"","url":"https:\/\/www.brandel.cz\/author\/","identifier":1,"image":{"@type":"ImageObject","@id":"https:\/\/secure.gravatar.com\/avatar\/91506ed60e31abe586276a3e1420719df081581a820344a28fa2034bb1a2fe22?s=96&d=mm&r=g","url":"https:\/\/secure.gravatar.com\/avatar\/91506ed60e31abe586276a3e1420719df081581a820344a28fa2034bb1a2fe22?s=96&d=mm&r=g","height":96,"width":96}},"publisher":{"@type":"Organization","name":"brandel.cz","logo":{"@type":"ImageObject","@id":"\/logo.png","url":"\/logo.png","width":600,"height":60}},"image":{"@type":"ImageObject","@id":"https:\/\/www.brandel.cz\/wp-content\/uploads\/img_a374998_w1747_t1586937506.jpg","url":"https:\/\/www.brandel.cz\/wp-content\/uploads\/img_a374998_w1747_t1586937506.jpg","height":0,"width":0},"keywords":null},{"@type":"Article","@id":"https:\/\/www.brandel.cz\/kdyz-utichnou-stroje\/","headline":"Kdy\u017e utichnou stroje","url":"https:\/\/www.brandel.cz\/kdyz-utichnou-stroje\/","datePublished":"2020-01-08","dateModified":"2023-04-26","mainEntityOfPage":"https:\/\/www.brandel.cz\/kdyz-utichnou-stroje\/","author":{"@type":"Person","@id":"https:\/\/www.brandel.cz\/author\/#Person","name":"","url":"https:\/\/www.brandel.cz\/author\/","identifier":1,"image":{"@type":"ImageObject","@id":"https:\/\/secure.gravatar.com\/avatar\/91506ed60e31abe586276a3e1420719df081581a820344a28fa2034bb1a2fe22?s=96&d=mm&r=g","url":"https:\/\/secure.gravatar.com\/avatar\/91506ed60e31abe586276a3e1420719df081581a820344a28fa2034bb1a2fe22?s=96&d=mm&r=g","height":96,"width":96}},"publisher":{"@type":"Organization","name":"brandel.cz","logo":{"@type":"ImageObject","@id":"\/logo.png","url":"\/logo.png","width":600,"height":60}},"image":{"@type":"ImageObject","@id":"https:\/\/www.brandel.cz\/wp-content\/uploads\/img_a373752_w1736_t1585211105.jpg","url":"https:\/\/www.brandel.cz\/wp-content\/uploads\/img_a373752_w1736_t1585211105.jpg","height":0,"width":0},"keywords":null},{"@type":"Article","@id":"https:\/\/www.brandel.cz\/webove-stranky-mohou-zvysit-obraty-v-podnikani\/","headline":"Webov\u00e9 str\u00e1nky mohou zv\u00fd\u0161it obraty v podnik\u00e1n\u00ed","url":"https:\/\/www.brandel.cz\/webove-stranky-mohou-zvysit-obraty-v-podnikani\/","datePublished":"2019-11-18","dateModified":"2023-05-09","mainEntityOfPage":"https:\/\/www.brandel.cz\/webove-stranky-mohou-zvysit-obraty-v-podnikani\/","author":{"@type":"Person","@id":"https:\/\/www.brandel.cz\/author\/#Person","name":"","url":"https:\/\/www.brandel.cz\/author\/","identifier":1,"image":{"@type":"ImageObject","@id":"https:\/\/secure.gravatar.com\/avatar\/91506ed60e31abe586276a3e1420719df081581a820344a28fa2034bb1a2fe22?s=96&d=mm&r=g","url":"https:\/\/secure.gravatar.com\/avatar\/91506ed60e31abe586276a3e1420719df081581a820344a28fa2034bb1a2fe22?s=96&d=mm&r=g","height":96,"width":96}},"publisher":{"@type":"Organization","name":"brandel.cz","logo":{"@type":"ImageObject","@id":"\/logo.png","url":"\/logo.png","width":600,"height":60}},"image":{"@type":"ImageObject","@id":"https:\/\/www.brandel.cz\/wp-content\/uploads\/img_a361635_w3716_t1574851465.jpg","url":"https:\/\/www.brandel.cz\/wp-content\/uploads\/img_a361635_w3716_t1574851465.jpg","height":0,"width":0},"keywords":null},{"@type":"Article","@id":"https:\/\/www.brandel.cz\/zapusobte-na-internetu\/","headline":"Zap\u016fsobte na internetu!","url":"https:\/\/www.brandel.cz\/zapusobte-na-internetu\/","datePublished":"2019-10-22","dateModified":"2023-04-26","mainEntityOfPage":"https:\/\/www.brandel.cz\/zapusobte-na-internetu\/","author":{"@type":"Person","@id":"https:\/\/www.brandel.cz\/author\/#Person","name":"","url":"https:\/\/www.brandel.cz\/author\/","identifier":1,"image":{"@type":"ImageObject","@id":"https:\/\/secure.gravatar.com\/avatar\/91506ed60e31abe586276a3e1420719df081581a820344a28fa2034bb1a2fe22?s=96&d=mm&r=g","url":"https:\/\/secure.gravatar.com\/avatar\/91506ed60e31abe586276a3e1420719df081581a820344a28fa2034bb1a2fe22?s=96&d=mm&r=g","height":96,"width":96}},"publisher":{"@type":"Organization","name":"brandel.cz","logo":{"@type":"ImageObject","@id":"\/logo.png","url":"\/logo.png","width":600,"height":60}},"image":{"@type":"ImageObject","@id":"https:\/\/www.brandel.cz\/wp-content\/uploads\/img_a357190_w3716_t1571811915.jpg","url":"https:\/\/www.brandel.cz\/wp-content\/uploads\/img_a357190_w3716_t1571811915.jpg","height":0,"width":0},"keywords":null},{"@type":"Article","@id":"https:\/\/www.brandel.cz\/letaky-jinak\/","headline":"Let\u00e1ky jinak","url":"https:\/\/www.brandel.cz\/letaky-jinak\/","datePublished":"2019-10-12","dateModified":"2023-04-26","mainEntityOfPage":"https:\/\/www.brandel.cz\/letaky-jinak\/","author":{"@type":"Person","@id":"https:\/\/www.brandel.cz\/author\/#Person","name":"","url":"https:\/\/www.brandel.cz\/author\/","identifier":1,"image":{"@type":"ImageObject","@id":"https:\/\/secure.gravatar.com\/avatar\/91506ed60e31abe586276a3e1420719df081581a820344a28fa2034bb1a2fe22?s=96&d=mm&r=g","url":"https:\/\/secure.gravatar.com\/avatar\/91506ed60e31abe586276a3e1420719df081581a820344a28fa2034bb1a2fe22?s=96&d=mm&r=g","height":96,"width":96}},"publisher":{"@type":"Organization","name":"brandel.cz","logo":{"@type":"ImageObject","@id":"\/logo.png","url":"\/logo.png","width":600,"height":60}},"image":{"@type":"ImageObject","@id":"https:\/\/www.brandel.cz\/wp-content\/uploads\/img_a365195_w1750_t1578215353.jpg","url":"https:\/\/www.brandel.cz\/wp-content\/uploads\/img_a365195_w1750_t1578215353.jpg","height":0,"width":0},"keywords":null}]}