{"@context":"https:\/\/schema.org\/","@type":"CollectionPage","@id":"https:\/\/www.brandel.cz\/spolecnosti\/#CollectionPage","headline":"Spole\u010dnosti Category","description":"","url":"https:\/\/www.brandel.cz\/spolecnosti\/","hasPart":[{"@type":"Article","@id":"https:\/\/www.brandel.cz\/samolepky\/","headline":"Samolepky","url":"https:\/\/www.brandel.cz\/samolepky\/","datePublished":"2019-10-04","dateModified":"2023-04-26","mainEntityOfPage":"https:\/\/www.brandel.cz\/samolepky\/","author":{"@type":"Person","@id":"https:\/\/www.brandel.cz\/author\/#Person","name":"","url":"https:\/\/www.brandel.cz\/author\/","identifier":1,"image":{"@type":"ImageObject","@id":"https:\/\/secure.gravatar.com\/avatar\/91506ed60e31abe586276a3e1420719df081581a820344a28fa2034bb1a2fe22?s=96&d=mm&r=g","url":"https:\/\/secure.gravatar.com\/avatar\/91506ed60e31abe586276a3e1420719df081581a820344a28fa2034bb1a2fe22?s=96&d=mm&r=g","height":96,"width":96}},"publisher":{"@type":"Organization","name":"brandel.cz","logo":{"@type":"ImageObject","@id":"\/logo.png","url":"\/logo.png","width":600,"height":60}},"image":{"@type":"ImageObject","@id":"https:\/\/www.brandel.cz\/wp-content\/uploads\/img_a366220_w1756_t1578910542.png","url":"https:\/\/www.brandel.cz\/wp-content\/uploads\/img_a366220_w1756_t1578910542.png","height":0,"width":0},"keywords":null},{"@type":"Article","@id":"https:\/\/www.brandel.cz\/vite-kam-si-zajit-pro-tu-spravnou-dodavku\/","headline":"V\u00edte, kam si zaj\u00edt pro tu spr\u00e1vnou dod\u00e1vku?","url":"https:\/\/www.brandel.cz\/vite-kam-si-zajit-pro-tu-spravnou-dodavku\/","datePublished":"2019-09-23","dateModified":"2023-12-20","mainEntityOfPage":"https:\/\/www.brandel.cz\/vite-kam-si-zajit-pro-tu-spravnou-dodavku\/","author":{"@type":"Person","@id":"https:\/\/www.brandel.cz\/author\/#Person","name":"","url":"https:\/\/www.brandel.cz\/author\/","identifier":1,"image":{"@type":"ImageObject","@id":"https:\/\/secure.gravatar.com\/avatar\/91506ed60e31abe586276a3e1420719df081581a820344a28fa2034bb1a2fe22?s=96&d=mm&r=g","url":"https:\/\/secure.gravatar.com\/avatar\/91506ed60e31abe586276a3e1420719df081581a820344a28fa2034bb1a2fe22?s=96&d=mm&r=g","height":96,"width":96}},"publisher":{"@type":"Organization","name":"brandel.cz","logo":{"@type":"ImageObject","@id":"\/logo.png","url":"\/logo.png","width":600,"height":60}},"image":{"@type":"ImageObject","@id":"https:\/\/www.brandel.cz\/wp-content\/uploads\/img_a358893_w3716_t1573118342.jpg","url":"https:\/\/www.brandel.cz\/wp-content\/uploads\/img_a358893_w3716_t1573118342.jpg","height":0,"width":0},"keywords":null},{"@type":"Article","@id":"https:\/\/www.brandel.cz\/letaky-vase-informace-spolehlive-rozsiri\/","headline":"Let\u00e1ky va\u0161e informace spolehliv\u011b roz\u0161\u00ed\u0159\u00ed","url":"https:\/\/www.brandel.cz\/letaky-vase-informace-spolehlive-rozsiri\/","datePublished":"2019-09-20","dateModified":"2023-04-26","mainEntityOfPage":"https:\/\/www.brandel.cz\/letaky-vase-informace-spolehlive-rozsiri\/","author":{"@type":"Person","@id":"https:\/\/www.brandel.cz\/author\/#Person","name":"","url":"https:\/\/www.brandel.cz\/author\/","identifier":1,"image":{"@type":"ImageObject","@id":"https:\/\/secure.gravatar.com\/avatar\/91506ed60e31abe586276a3e1420719df081581a820344a28fa2034bb1a2fe22?s=96&d=mm&r=g","url":"https:\/\/secure.gravatar.com\/avatar\/91506ed60e31abe586276a3e1420719df081581a820344a28fa2034bb1a2fe22?s=96&d=mm&r=g","height":96,"width":96}},"publisher":{"@type":"Organization","name":"brandel.cz","logo":{"@type":"ImageObject","@id":"\/logo.png","url":"\/logo.png","width":600,"height":60}},"image":{"@type":"ImageObject","@id":"https:\/\/www.brandel.cz\/wp-content\/uploads\/img_a360653_w1737_t1574239646.jpg","url":"https:\/\/www.brandel.cz\/wp-content\/uploads\/img_a360653_w1737_t1574239646.jpg","height":0,"width":0},"keywords":null},{"@type":"Article","@id":"https:\/\/www.brandel.cz\/na-velikost-zasilky-nezalezi\/","headline":"Na velikost z\u00e1silky nez\u00e1le\u017e\u00ed","url":"https:\/\/www.brandel.cz\/na-velikost-zasilky-nezalezi\/","datePublished":"2019-08-25","dateModified":"2023-04-26","mainEntityOfPage":"https:\/\/www.brandel.cz\/na-velikost-zasilky-nezalezi\/","author":{"@type":"Person","@id":"https:\/\/www.brandel.cz\/author\/#Person","name":"","url":"https:\/\/www.brandel.cz\/author\/","identifier":1,"image":{"@type":"ImageObject","@id":"https:\/\/secure.gravatar.com\/avatar\/91506ed60e31abe586276a3e1420719df081581a820344a28fa2034bb1a2fe22?s=96&d=mm&r=g","url":"https:\/\/secure.gravatar.com\/avatar\/91506ed60e31abe586276a3e1420719df081581a820344a28fa2034bb1a2fe22?s=96&d=mm&r=g","height":96,"width":96}},"publisher":{"@type":"Organization","name":"brandel.cz","logo":{"@type":"ImageObject","@id":"\/logo.png","url":"\/logo.png","width":600,"height":60}},"image":{"@type":"ImageObject","@id":"https:\/\/www.brandel.cz\/wp-content\/uploads\/img_a354901_w3716_t1569391545.jpg","url":"https:\/\/www.brandel.cz\/wp-content\/uploads\/img_a354901_w3716_t1569391545.jpg","height":0,"width":0},"keywords":null},{"@type":"Article","@id":"https:\/\/www.brandel.cz\/na-svatbu-se-budete-tesit-nikoliv-se-z-ni-stresovat\/","headline":"Na svatbu se budete t\u011b\u0161it, nikoliv se z n\u00ed stresovat","url":"https:\/\/www.brandel.cz\/na-svatbu-se-budete-tesit-nikoliv-se-z-ni-stresovat\/","datePublished":"2019-08-15","dateModified":"2023-04-26","mainEntityOfPage":"https:\/\/www.brandel.cz\/na-svatbu-se-budete-tesit-nikoliv-se-z-ni-stresovat\/","author":{"@type":"Person","@id":"https:\/\/www.brandel.cz\/author\/#Person","name":"","url":"https:\/\/www.brandel.cz\/author\/","identifier":1,"image":{"@type":"ImageObject","@id":"https:\/\/secure.gravatar.com\/avatar\/91506ed60e31abe586276a3e1420719df081581a820344a28fa2034bb1a2fe22?s=96&d=mm&r=g","url":"https:\/\/secure.gravatar.com\/avatar\/91506ed60e31abe586276a3e1420719df081581a820344a28fa2034bb1a2fe22?s=96&d=mm&r=g","height":96,"width":96}},"publisher":{"@type":"Organization","name":"brandel.cz","logo":{"@type":"ImageObject","@id":"\/logo.png","url":"\/logo.png","width":600,"height":60}},"image":{"@type":"ImageObject","@id":"https:\/\/www.brandel.cz\/wp-content\/uploads\/img_a354379_w3716_t1568960403.jpg","url":"https:\/\/www.brandel.cz\/wp-content\/uploads\/img_a354379_w3716_t1568960403.jpg","height":0,"width":0},"keywords":null},{"@type":"Article","@id":"https:\/\/www.brandel.cz\/co-vlastne-dela-domov-dekorativni-vyzdoby-od-selvintech\/","headline":"Co vlastn\u011b d\u011bl\u00e1 domov? Dekorativn\u00ed v\u00fdzdoby od Selvintech!","url":"https:\/\/www.brandel.cz\/co-vlastne-dela-domov-dekorativni-vyzdoby-od-selvintech\/","datePublished":"2019-08-15","dateModified":"2023-04-26","mainEntityOfPage":"https:\/\/www.brandel.cz\/co-vlastne-dela-domov-dekorativni-vyzdoby-od-selvintech\/","author":{"@type":"Person","@id":"https:\/\/www.brandel.cz\/author\/#Person","name":"","url":"https:\/\/www.brandel.cz\/author\/","identifier":1,"image":{"@type":"ImageObject","@id":"https:\/\/secure.gravatar.com\/avatar\/91506ed60e31abe586276a3e1420719df081581a820344a28fa2034bb1a2fe22?s=96&d=mm&r=g","url":"https:\/\/secure.gravatar.com\/avatar\/91506ed60e31abe586276a3e1420719df081581a820344a28fa2034bb1a2fe22?s=96&d=mm&r=g","height":96,"width":96}},"publisher":{"@type":"Organization","name":"brandel.cz","logo":{"@type":"ImageObject","@id":"\/logo.png","url":"\/logo.png","width":600,"height":60}},"image":{"@type":"ImageObject","@id":"https:\/\/www.brandel.cz\/wp-content\/uploads\/img_a358112_w3716_t1572432169.jpg","url":"https:\/\/www.brandel.cz\/wp-content\/uploads\/img_a358112_w3716_t1572432169.jpg","height":0,"width":0},"keywords":null},{"@type":"Article","@id":"https:\/\/www.brandel.cz\/idealni-brigada-u-firmy-selvintech\/","headline":"Ide\u00e1ln\u00ed brig\u00e1da u firmy Selvintech","url":"https:\/\/www.brandel.cz\/idealni-brigada-u-firmy-selvintech\/","datePublished":"2019-08-14","dateModified":"2023-09-15","mainEntityOfPage":"https:\/\/www.brandel.cz\/idealni-brigada-u-firmy-selvintech\/","author":{"@type":"Person","@id":"https:\/\/www.brandel.cz\/author\/#Person","name":"","url":"https:\/\/www.brandel.cz\/author\/","identifier":1,"image":{"@type":"ImageObject","@id":"https:\/\/secure.gravatar.com\/avatar\/91506ed60e31abe586276a3e1420719df081581a820344a28fa2034bb1a2fe22?s=96&d=mm&r=g","url":"https:\/\/secure.gravatar.com\/avatar\/91506ed60e31abe586276a3e1420719df081581a820344a28fa2034bb1a2fe22?s=96&d=mm&r=g","height":96,"width":96}},"publisher":{"@type":"Organization","name":"brandel.cz","logo":{"@type":"ImageObject","@id":"\/logo.png","url":"\/logo.png","width":600,"height":60}},"image":{"@type":"ImageObject","@id":"https:\/\/www.brandel.cz\/wp-content\/uploads\/img_a358114_w3716_t1572432426.jpg","url":"https:\/\/www.brandel.cz\/wp-content\/uploads\/img_a358114_w3716_t1572432426.jpg","height":0,"width":0},"keywords":null},{"@type":"Article","@id":"https:\/\/www.brandel.cz\/mel-by-zubni-kamen-odstranovat-dentista-nebo-hygienistka\/","headline":"M\u011bl by zubn\u00ed k\u00e1men odstra\u0148ovat dentista, nebo hygienistka?","url":"https:\/\/www.brandel.cz\/mel-by-zubni-kamen-odstranovat-dentista-nebo-hygienistka\/","datePublished":"2019-08-09","dateModified":"2023-04-26","mainEntityOfPage":"https:\/\/www.brandel.cz\/mel-by-zubni-kamen-odstranovat-dentista-nebo-hygienistka\/","author":{"@type":"Person","@id":"https:\/\/www.brandel.cz\/author\/#Person","name":"","url":"https:\/\/www.brandel.cz\/author\/","identifier":1,"image":{"@type":"ImageObject","@id":"https:\/\/secure.gravatar.com\/avatar\/91506ed60e31abe586276a3e1420719df081581a820344a28fa2034bb1a2fe22?s=96&d=mm&r=g","url":"https:\/\/secure.gravatar.com\/avatar\/91506ed60e31abe586276a3e1420719df081581a820344a28fa2034bb1a2fe22?s=96&d=mm&r=g","height":96,"width":96}},"publisher":{"@type":"Organization","name":"brandel.cz","logo":{"@type":"ImageObject","@id":"\/logo.png","url":"\/logo.png","width":600,"height":60}},"image":{"@type":"ImageObject","@id":"https:\/\/www.brandel.cz\/wp-content\/uploads\/img_a357134_w3716_t1571761131.jpg","url":"https:\/\/www.brandel.cz\/wp-content\/uploads\/img_a357134_w3716_t1571761131.jpg","height":0,"width":0},"keywords":null},{"@type":"Article","@id":"https:\/\/www.brandel.cz\/s-reklamou-za-temi-nejlepsimi-v-olomouci\/","headline":"S reklamou za t\u011bmi nejlep\u0161\u00edmi v Olomouci","url":"https:\/\/www.brandel.cz\/s-reklamou-za-temi-nejlepsimi-v-olomouci\/","datePublished":"2019-08-06","dateModified":"2023-04-26","mainEntityOfPage":"https:\/\/www.brandel.cz\/s-reklamou-za-temi-nejlepsimi-v-olomouci\/","author":{"@type":"Person","@id":"https:\/\/www.brandel.cz\/author\/#Person","name":"","url":"https:\/\/www.brandel.cz\/author\/","identifier":1,"image":{"@type":"ImageObject","@id":"https:\/\/secure.gravatar.com\/avatar\/91506ed60e31abe586276a3e1420719df081581a820344a28fa2034bb1a2fe22?s=96&d=mm&r=g","url":"https:\/\/secure.gravatar.com\/avatar\/91506ed60e31abe586276a3e1420719df081581a820344a28fa2034bb1a2fe22?s=96&d=mm&r=g","height":96,"width":96}},"publisher":{"@type":"Organization","name":"brandel.cz","logo":{"@type":"ImageObject","@id":"\/logo.png","url":"\/logo.png","width":600,"height":60}},"image":{"@type":"ImageObject","@id":"https:\/\/www.brandel.cz\/wp-content\/uploads\/img_a354723_w3716_t1569313236.jpg","url":"https:\/\/www.brandel.cz\/wp-content\/uploads\/img_a354723_w3716_t1569313236.jpg","height":0,"width":0},"keywords":null},{"@type":"Article","@id":"https:\/\/www.brandel.cz\/papir-hned-tak-nevymizi\/","headline":"Pap\u00edr hned tak nevymiz\u00ed","url":"https:\/\/www.brandel.cz\/papir-hned-tak-nevymizi\/","datePublished":"2019-08-05","dateModified":"2023-08-18","mainEntityOfPage":"https:\/\/www.brandel.cz\/papir-hned-tak-nevymizi\/","author":{"@type":"Person","@id":"https:\/\/www.brandel.cz\/author\/#Person","name":"","url":"https:\/\/www.brandel.cz\/author\/","identifier":1,"image":{"@type":"ImageObject","@id":"https:\/\/secure.gravatar.com\/avatar\/91506ed60e31abe586276a3e1420719df081581a820344a28fa2034bb1a2fe22?s=96&d=mm&r=g","url":"https:\/\/secure.gravatar.com\/avatar\/91506ed60e31abe586276a3e1420719df081581a820344a28fa2034bb1a2fe22?s=96&d=mm&r=g","height":96,"width":96}},"publisher":{"@type":"Organization","name":"brandel.cz","logo":{"@type":"ImageObject","@id":"\/logo.png","url":"\/logo.png","width":600,"height":60}},"image":{"@type":"ImageObject","@id":"https:\/\/www.brandel.cz\/wp-content\/uploads\/img_a353245_w1719_t1567680593.jpg","url":"https:\/\/www.brandel.cz\/wp-content\/uploads\/img_a353245_w1719_t1567680593.jpg","height":0,"width":0},"keywords":null}]}