{"@context":"https:\/\/schema.org\/","@type":"CollectionPage","@id":"https:\/\/www.brandel.cz\/spolecnosti\/#CollectionPage","headline":"Spole\u010dnosti Category","description":"","url":"https:\/\/www.brandel.cz\/spolecnosti\/","hasPart":[{"@type":"Article","@id":"https:\/\/www.brandel.cz\/selvintech-je-spicka-v-oblasti-dekorativnich-ozdob\/","headline":"Selvintech je \u0161pi\u010dka v oblasti dekorativn\u00edch ozdob","url":"https:\/\/www.brandel.cz\/selvintech-je-spicka-v-oblasti-dekorativnich-ozdob\/","datePublished":"2019-08-04","dateModified":"2023-04-26","mainEntityOfPage":"https:\/\/www.brandel.cz\/selvintech-je-spicka-v-oblasti-dekorativnich-ozdob\/","author":{"@type":"Person","@id":"https:\/\/www.brandel.cz\/author\/#Person","name":"","url":"https:\/\/www.brandel.cz\/author\/","identifier":1,"image":{"@type":"ImageObject","@id":"https:\/\/secure.gravatar.com\/avatar\/91506ed60e31abe586276a3e1420719df081581a820344a28fa2034bb1a2fe22?s=96&d=mm&r=g","url":"https:\/\/secure.gravatar.com\/avatar\/91506ed60e31abe586276a3e1420719df081581a820344a28fa2034bb1a2fe22?s=96&d=mm&r=g","height":96,"width":96}},"publisher":{"@type":"Organization","name":"brandel.cz","logo":{"@type":"ImageObject","@id":"\/logo.png","url":"\/logo.png","width":600,"height":60}},"image":{"@type":"ImageObject","@id":"https:\/\/www.brandel.cz\/wp-content\/uploads\/img_a358111_w3716_t1572432066.jpg","url":"https:\/\/www.brandel.cz\/wp-content\/uploads\/img_a358111_w3716_t1572432066.jpg","height":0,"width":0},"keywords":null},{"@type":"Article","@id":"https:\/\/www.brandel.cz\/nechte-si-vytisknout-cokoli-treba-letaky\/","headline":"Nechte si vytisknout cokoli \u2013 t\u0159eba let\u00e1ky!","url":"https:\/\/www.brandel.cz\/nechte-si-vytisknout-cokoli-treba-letaky\/","datePublished":"2019-08-03","dateModified":"2023-04-26","mainEntityOfPage":"https:\/\/www.brandel.cz\/nechte-si-vytisknout-cokoli-treba-letaky\/","author":{"@type":"Person","@id":"https:\/\/www.brandel.cz\/author\/#Person","name":"","url":"https:\/\/www.brandel.cz\/author\/","identifier":1,"image":{"@type":"ImageObject","@id":"https:\/\/secure.gravatar.com\/avatar\/91506ed60e31abe586276a3e1420719df081581a820344a28fa2034bb1a2fe22?s=96&d=mm&r=g","url":"https:\/\/secure.gravatar.com\/avatar\/91506ed60e31abe586276a3e1420719df081581a820344a28fa2034bb1a2fe22?s=96&d=mm&r=g","height":96,"width":96}},"publisher":{"@type":"Organization","name":"brandel.cz","logo":{"@type":"ImageObject","@id":"\/logo.png","url":"\/logo.png","width":600,"height":60}},"image":{"@type":"ImageObject","@id":"https:\/\/www.brandel.cz\/wp-content\/uploads\/img_a358524_w1709_t1572937287.png","url":"https:\/\/www.brandel.cz\/wp-content\/uploads\/img_a358524_w1709_t1572937287.png","height":0,"width":0},"keywords":null},{"@type":"Article","@id":"https:\/\/www.brandel.cz\/cistite-radi-okna\/","headline":"\u010cist\u00edte r\u00e1di okna?","url":"https:\/\/www.brandel.cz\/cistite-radi-okna\/","datePublished":"2019-08-01","dateModified":"2023-04-26","mainEntityOfPage":"https:\/\/www.brandel.cz\/cistite-radi-okna\/","author":{"@type":"Person","@id":"https:\/\/www.brandel.cz\/author\/#Person","name":"","url":"https:\/\/www.brandel.cz\/author\/","identifier":1,"image":{"@type":"ImageObject","@id":"https:\/\/secure.gravatar.com\/avatar\/91506ed60e31abe586276a3e1420719df081581a820344a28fa2034bb1a2fe22?s=96&d=mm&r=g","url":"https:\/\/secure.gravatar.com\/avatar\/91506ed60e31abe586276a3e1420719df081581a820344a28fa2034bb1a2fe22?s=96&d=mm&r=g","height":96,"width":96}},"publisher":{"@type":"Organization","name":"brandel.cz","logo":{"@type":"ImageObject","@id":"\/logo.png","url":"\/logo.png","width":600,"height":60}},"image":{"@type":"ImageObject","@id":"https:\/\/www.brandel.cz\/wp-content\/uploads\/img_a358077_w3716_t1572426712.jpg","url":"https:\/\/www.brandel.cz\/wp-content\/uploads\/img_a358077_w3716_t1572426712.jpg","height":0,"width":0},"keywords":null},{"@type":"Article","@id":"https:\/\/www.brandel.cz\/ochrana-osobnich-udaju\/","headline":"Ochrana osobn\u00edch \u00fadaj\u016f","url":"https:\/\/www.brandel.cz\/ochrana-osobnich-udaju\/","datePublished":"2019-07-23","dateModified":"2023-04-26","mainEntityOfPage":"https:\/\/www.brandel.cz\/ochrana-osobnich-udaju\/","author":{"@type":"Person","@id":"https:\/\/www.brandel.cz\/author\/#Person","name":"","url":"https:\/\/www.brandel.cz\/author\/","identifier":1,"image":{"@type":"ImageObject","@id":"https:\/\/secure.gravatar.com\/avatar\/91506ed60e31abe586276a3e1420719df081581a820344a28fa2034bb1a2fe22?s=96&d=mm&r=g","url":"https:\/\/secure.gravatar.com\/avatar\/91506ed60e31abe586276a3e1420719df081581a820344a28fa2034bb1a2fe22?s=96&d=mm&r=g","height":96,"width":96}},"publisher":{"@type":"Organization","name":"brandel.cz","logo":{"@type":"ImageObject","@id":"\/logo.png","url":"\/logo.png","width":600,"height":60}},"image":{"@type":"ImageObject","@id":"https:\/\/www.brandel.cz\/wp-content\/uploads\/img_a355687_w3716_t1570087080.jpg","url":"https:\/\/www.brandel.cz\/wp-content\/uploads\/img_a355687_w3716_t1570087080.jpg","height":0,"width":0},"keywords":null},{"@type":"Article","@id":"https:\/\/www.brandel.cz\/citroen-jumper-pardubice-jako-tip-na-stehovani-svepomoci\/","headline":"Citroen Jumper Pardubice jako tip na st\u011bhov\u00e1n\u00ed sv\u00e9pomoc\u00ed","url":"https:\/\/www.brandel.cz\/citroen-jumper-pardubice-jako-tip-na-stehovani-svepomoci\/","datePublished":"2019-07-22","dateModified":"2023-04-26","mainEntityOfPage":"https:\/\/www.brandel.cz\/citroen-jumper-pardubice-jako-tip-na-stehovani-svepomoci\/","author":{"@type":"Person","@id":"https:\/\/www.brandel.cz\/author\/#Person","name":"","url":"https:\/\/www.brandel.cz\/author\/","identifier":1,"image":{"@type":"ImageObject","@id":"https:\/\/secure.gravatar.com\/avatar\/91506ed60e31abe586276a3e1420719df081581a820344a28fa2034bb1a2fe22?s=96&d=mm&r=g","url":"https:\/\/secure.gravatar.com\/avatar\/91506ed60e31abe586276a3e1420719df081581a820344a28fa2034bb1a2fe22?s=96&d=mm&r=g","height":96,"width":96}},"publisher":{"@type":"Organization","name":"brandel.cz","logo":{"@type":"ImageObject","@id":"\/logo.png","url":"\/logo.png","width":600,"height":60}},"image":{"@type":"ImageObject","@id":"https:\/\/www.brandel.cz\/wp-content\/uploads\/img_a354608_w3716_t1569228039.jpg","url":"https:\/\/www.brandel.cz\/wp-content\/uploads\/img_a354608_w3716_t1569228039.jpg","height":0,"width":0},"keywords":null},{"@type":"Article","@id":"https:\/\/www.brandel.cz\/market-profile\/","headline":"Market profile","url":"https:\/\/www.brandel.cz\/market-profile\/","datePublished":"2019-07-20","dateModified":"2023-04-26","mainEntityOfPage":"https:\/\/www.brandel.cz\/market-profile\/","author":{"@type":"Person","@id":"https:\/\/www.brandel.cz\/author\/#Person","name":"","url":"https:\/\/www.brandel.cz\/author\/","identifier":1,"image":{"@type":"ImageObject","@id":"https:\/\/secure.gravatar.com\/avatar\/91506ed60e31abe586276a3e1420719df081581a820344a28fa2034bb1a2fe22?s=96&d=mm&r=g","url":"https:\/\/secure.gravatar.com\/avatar\/91506ed60e31abe586276a3e1420719df081581a820344a28fa2034bb1a2fe22?s=96&d=mm&r=g","height":96,"width":96}},"publisher":{"@type":"Organization","name":"brandel.cz","logo":{"@type":"ImageObject","@id":"\/logo.png","url":"\/logo.png","width":600,"height":60}},"image":{"@type":"ImageObject","@id":"https:\/\/www.brandel.cz\/wp-content\/uploads\/img_a353588_w3716_t1568099535.jpg","url":"https:\/\/www.brandel.cz\/wp-content\/uploads\/img_a353588_w3716_t1568099535.jpg","height":0,"width":0},"keywords":null},{"@type":"Article","@id":"https:\/\/www.brandel.cz\/autopujcovna-praha\/","headline":"Autop\u016fj\u010dovna Praha","url":"https:\/\/www.brandel.cz\/autopujcovna-praha\/","datePublished":"2019-07-06","dateModified":"2023-04-26","mainEntityOfPage":"https:\/\/www.brandel.cz\/autopujcovna-praha\/","author":{"@type":"Person","@id":"https:\/\/www.brandel.cz\/author\/#Person","name":"","url":"https:\/\/www.brandel.cz\/author\/","identifier":1,"image":{"@type":"ImageObject","@id":"https:\/\/secure.gravatar.com\/avatar\/91506ed60e31abe586276a3e1420719df081581a820344a28fa2034bb1a2fe22?s=96&d=mm&r=g","url":"https:\/\/secure.gravatar.com\/avatar\/91506ed60e31abe586276a3e1420719df081581a820344a28fa2034bb1a2fe22?s=96&d=mm&r=g","height":96,"width":96}},"publisher":{"@type":"Organization","name":"brandel.cz","logo":{"@type":"ImageObject","@id":"\/logo.png","url":"\/logo.png","width":600,"height":60}},"image":{"@type":"ImageObject","@id":"https:\/\/www.brandel.cz\/wp-content\/uploads\/img_a354928_w3716_t1569398766.jpg","url":"https:\/\/www.brandel.cz\/wp-content\/uploads\/img_a354928_w3716_t1569398766.jpg","height":0,"width":0},"keywords":null},{"@type":"Article","@id":"https:\/\/www.brandel.cz\/prestehujte-se-s-usmevem-a-v-dobre-nalade\/","headline":"P\u0159est\u011bhujte se s \u00fasm\u011bvem a v dobr\u00e9 n\u00e1lad\u011b","url":"https:\/\/www.brandel.cz\/prestehujte-se-s-usmevem-a-v-dobre-nalade\/","datePublished":"2019-06-18","dateModified":"2023-04-26","mainEntityOfPage":"https:\/\/www.brandel.cz\/prestehujte-se-s-usmevem-a-v-dobre-nalade\/","author":{"@type":"Person","@id":"https:\/\/www.brandel.cz\/author\/#Person","name":"","url":"https:\/\/www.brandel.cz\/author\/","identifier":1,"image":{"@type":"ImageObject","@id":"https:\/\/secure.gravatar.com\/avatar\/91506ed60e31abe586276a3e1420719df081581a820344a28fa2034bb1a2fe22?s=96&d=mm&r=g","url":"https:\/\/secure.gravatar.com\/avatar\/91506ed60e31abe586276a3e1420719df081581a820344a28fa2034bb1a2fe22?s=96&d=mm&r=g","height":96,"width":96}},"publisher":{"@type":"Organization","name":"brandel.cz","logo":{"@type":"ImageObject","@id":"\/logo.png","url":"\/logo.png","width":600,"height":60}},"image":{"@type":"ImageObject","@id":"https:\/\/www.brandel.cz\/wp-content\/uploads\/img_a352101_w3716_t1566584926.jpg","url":"https:\/\/www.brandel.cz\/wp-content\/uploads\/img_a352101_w3716_t1566584926.jpg","height":0,"width":0},"keywords":null},{"@type":"Article","@id":"https:\/\/www.brandel.cz\/ceny-ubytovani-v-praze-ktere-vas-dostanou-na-kolena\/","headline":"Ceny ubytov\u00e1n\u00ed v Praze, kter\u00e9 v\u00e1s dostanou na kolena","url":"https:\/\/www.brandel.cz\/ceny-ubytovani-v-praze-ktere-vas-dostanou-na-kolena\/","datePublished":"2019-06-17","dateModified":"2023-04-26","mainEntityOfPage":"https:\/\/www.brandel.cz\/ceny-ubytovani-v-praze-ktere-vas-dostanou-na-kolena\/","author":{"@type":"Person","@id":"https:\/\/www.brandel.cz\/author\/#Person","name":"","url":"https:\/\/www.brandel.cz\/author\/","identifier":1,"image":{"@type":"ImageObject","@id":"https:\/\/secure.gravatar.com\/avatar\/91506ed60e31abe586276a3e1420719df081581a820344a28fa2034bb1a2fe22?s=96&d=mm&r=g","url":"https:\/\/secure.gravatar.com\/avatar\/91506ed60e31abe586276a3e1420719df081581a820344a28fa2034bb1a2fe22?s=96&d=mm&r=g","height":96,"width":96}},"publisher":{"@type":"Organization","name":"brandel.cz","logo":{"@type":"ImageObject","@id":"\/logo.png","url":"\/logo.png","width":600,"height":60}},"image":{"@type":"ImageObject","@id":"https:\/\/www.brandel.cz\/wp-content\/uploads\/img_a355795_w3716_t1570446543.jpg","url":"https:\/\/www.brandel.cz\/wp-content\/uploads\/img_a355795_w3716_t1570446543.jpg","height":0,"width":0},"keywords":null},{"@type":"Article","@id":"https:\/\/www.brandel.cz\/proc-zvolit-hloubkove-cisteni-kobercu-praha\/","headline":"Pro\u010d zvolit hloubkov\u00e9 \u010di\u0161t\u011bn\u00ed koberc\u016f Praha","url":"https:\/\/www.brandel.cz\/proc-zvolit-hloubkove-cisteni-kobercu-praha\/","datePublished":"2019-06-17","dateModified":"2023-04-26","mainEntityOfPage":"https:\/\/www.brandel.cz\/proc-zvolit-hloubkove-cisteni-kobercu-praha\/","author":{"@type":"Person","@id":"https:\/\/www.brandel.cz\/author\/#Person","name":"","url":"https:\/\/www.brandel.cz\/author\/","identifier":1,"image":{"@type":"ImageObject","@id":"https:\/\/secure.gravatar.com\/avatar\/91506ed60e31abe586276a3e1420719df081581a820344a28fa2034bb1a2fe22?s=96&d=mm&r=g","url":"https:\/\/secure.gravatar.com\/avatar\/91506ed60e31abe586276a3e1420719df081581a820344a28fa2034bb1a2fe22?s=96&d=mm&r=g","height":96,"width":96}},"publisher":{"@type":"Organization","name":"brandel.cz","logo":{"@type":"ImageObject","@id":"\/logo.png","url":"\/logo.png","width":600,"height":60}},"image":{"@type":"ImageObject","@id":"https:\/\/www.brandel.cz\/wp-content\/uploads\/img_a355786_w3716_t1570435629.jpg","url":"https:\/\/www.brandel.cz\/wp-content\/uploads\/img_a355786_w3716_t1570435629.jpg","height":0,"width":0},"keywords":null}]}