{"@context":"https:\/\/schema.org\/","@type":"CollectionPage","@id":"https:\/\/www.brandel.cz\/spolecnosti\/#CollectionPage","headline":"Spole\u010dnosti Category","description":"","url":"https:\/\/www.brandel.cz\/spolecnosti\/","hasPart":[{"@type":"Article","@id":"https:\/\/www.brandel.cz\/spravne-natisteny-letacek-oslovi-sirokou-verejnost\/","headline":"Spr\u00e1vn\u011b nati\u0161t\u011bn\u00fd let\u00e1\u010dek oslov\u00ed \u0161irokou ve\u0159ejnost","url":"https:\/\/www.brandel.cz\/spravne-natisteny-letacek-oslovi-sirokou-verejnost\/","datePublished":"2019-06-02","dateModified":"2023-04-26","mainEntityOfPage":"https:\/\/www.brandel.cz\/spravne-natisteny-letacek-oslovi-sirokou-verejnost\/","author":{"@type":"Person","@id":"https:\/\/www.brandel.cz\/author\/#Person","name":"","url":"https:\/\/www.brandel.cz\/author\/","identifier":1,"image":{"@type":"ImageObject","@id":"https:\/\/secure.gravatar.com\/avatar\/91506ed60e31abe586276a3e1420719df081581a820344a28fa2034bb1a2fe22?s=96&d=mm&r=g","url":"https:\/\/secure.gravatar.com\/avatar\/91506ed60e31abe586276a3e1420719df081581a820344a28fa2034bb1a2fe22?s=96&d=mm&r=g","height":96,"width":96}},"publisher":{"@type":"Organization","name":"brandel.cz","logo":{"@type":"ImageObject","@id":"\/logo.png","url":"\/logo.png","width":600,"height":60}},"image":{"@type":"ImageObject","@id":"https:\/\/www.brandel.cz\/wp-content\/uploads\/img_a350117_w1706_t1564992854.jpg","url":"https:\/\/www.brandel.cz\/wp-content\/uploads\/img_a350117_w1706_t1564992854.jpg","height":0,"width":0},"keywords":null},{"@type":"Article","@id":"https:\/\/www.brandel.cz\/zjistete-si-nac-mate-narok-pri-urazu\/","headline":"Zjist\u011bte si, na\u010d m\u00e1te n\u00e1rok p\u0159i \u00farazu","url":"https:\/\/www.brandel.cz\/zjistete-si-nac-mate-narok-pri-urazu\/","datePublished":"2019-05-21","dateModified":"2023-04-26","mainEntityOfPage":"https:\/\/www.brandel.cz\/zjistete-si-nac-mate-narok-pri-urazu\/","author":{"@type":"Person","@id":"https:\/\/www.brandel.cz\/author\/#Person","name":"","url":"https:\/\/www.brandel.cz\/author\/","identifier":1,"image":{"@type":"ImageObject","@id":"https:\/\/secure.gravatar.com\/avatar\/91506ed60e31abe586276a3e1420719df081581a820344a28fa2034bb1a2fe22?s=96&d=mm&r=g","url":"https:\/\/secure.gravatar.com\/avatar\/91506ed60e31abe586276a3e1420719df081581a820344a28fa2034bb1a2fe22?s=96&d=mm&r=g","height":96,"width":96}},"publisher":{"@type":"Organization","name":"brandel.cz","logo":{"@type":"ImageObject","@id":"\/logo.png","url":"\/logo.png","width":600,"height":60}},"image":{"@type":"ImageObject","@id":"https:\/\/www.brandel.cz\/wp-content\/uploads\/img_a355938_w3716_t1570697443.png","url":"https:\/\/www.brandel.cz\/wp-content\/uploads\/img_a355938_w3716_t1570697443.png","height":0,"width":0},"keywords":null},{"@type":"Article","@id":"https:\/\/www.brandel.cz\/dum-snu-s-pomoci-3d-vizualizace\/","headline":"D\u016fm sn\u016f s pomoc\u00ed 3D vizualizace","url":"https:\/\/www.brandel.cz\/dum-snu-s-pomoci-3d-vizualizace\/","datePublished":"2019-05-14","dateModified":"2023-04-26","mainEntityOfPage":"https:\/\/www.brandel.cz\/dum-snu-s-pomoci-3d-vizualizace\/","author":{"@type":"Person","@id":"https:\/\/www.brandel.cz\/author\/#Person","name":"","url":"https:\/\/www.brandel.cz\/author\/","identifier":1,"image":{"@type":"ImageObject","@id":"https:\/\/secure.gravatar.com\/avatar\/91506ed60e31abe586276a3e1420719df081581a820344a28fa2034bb1a2fe22?s=96&d=mm&r=g","url":"https:\/\/secure.gravatar.com\/avatar\/91506ed60e31abe586276a3e1420719df081581a820344a28fa2034bb1a2fe22?s=96&d=mm&r=g","height":96,"width":96}},"publisher":{"@type":"Organization","name":"brandel.cz","logo":{"@type":"ImageObject","@id":"\/logo.png","url":"\/logo.png","width":600,"height":60}},"image":{"@type":"ImageObject","@id":"https:\/\/www.brandel.cz\/wp-content\/uploads\/img_a355929_w3716_t1570695800.jpg","url":"https:\/\/www.brandel.cz\/wp-content\/uploads\/img_a355929_w3716_t1570695800.jpg","height":0,"width":0},"keywords":null},{"@type":"Article","@id":"https:\/\/www.brandel.cz\/hodily-by-se-vam-letaky\/","headline":"Hodily by se v\u00e1m let\u00e1ky?","url":"https:\/\/www.brandel.cz\/hodily-by-se-vam-letaky\/","datePublished":"2019-05-12","dateModified":"2023-04-26","mainEntityOfPage":"https:\/\/www.brandel.cz\/hodily-by-se-vam-letaky\/","author":{"@type":"Person","@id":"https:\/\/www.brandel.cz\/author\/#Person","name":"","url":"https:\/\/www.brandel.cz\/author\/","identifier":1,"image":{"@type":"ImageObject","@id":"https:\/\/secure.gravatar.com\/avatar\/91506ed60e31abe586276a3e1420719df081581a820344a28fa2034bb1a2fe22?s=96&d=mm&r=g","url":"https:\/\/secure.gravatar.com\/avatar\/91506ed60e31abe586276a3e1420719df081581a820344a28fa2034bb1a2fe22?s=96&d=mm&r=g","height":96,"width":96}},"publisher":{"@type":"Organization","name":"brandel.cz","logo":{"@type":"ImageObject","@id":"\/logo.png","url":"\/logo.png","width":600,"height":60}},"image":{"@type":"ImageObject","@id":"https:\/\/www.brandel.cz\/wp-content\/uploads\/img_a347584_w1738_t1562060044.jpg","url":"https:\/\/www.brandel.cz\/wp-content\/uploads\/img_a347584_w1738_t1562060044.jpg","height":0,"width":0},"keywords":null},{"@type":"Article","@id":"https:\/\/www.brandel.cz\/efektivni-reseni-problemu-nejenom-s-vodovodem\/","headline":"Efektivn\u00ed \u0159e\u0161en\u00ed probl\u00e9m\u016f nejenom s vodovodem","url":"https:\/\/www.brandel.cz\/efektivni-reseni-problemu-nejenom-s-vodovodem\/","datePublished":"2019-05-11","dateModified":"2023-04-26","mainEntityOfPage":"https:\/\/www.brandel.cz\/efektivni-reseni-problemu-nejenom-s-vodovodem\/","author":{"@type":"Person","@id":"https:\/\/www.brandel.cz\/author\/#Person","name":"","url":"https:\/\/www.brandel.cz\/author\/","identifier":1,"image":{"@type":"ImageObject","@id":"https:\/\/secure.gravatar.com\/avatar\/91506ed60e31abe586276a3e1420719df081581a820344a28fa2034bb1a2fe22?s=96&d=mm&r=g","url":"https:\/\/secure.gravatar.com\/avatar\/91506ed60e31abe586276a3e1420719df081581a820344a28fa2034bb1a2fe22?s=96&d=mm&r=g","height":96,"width":96}},"publisher":{"@type":"Organization","name":"brandel.cz","logo":{"@type":"ImageObject","@id":"\/logo.png","url":"\/logo.png","width":600,"height":60}},"image":{"@type":"ImageObject","@id":"https:\/\/www.brandel.cz\/wp-content\/uploads\/img_a355942_w3716_t1570698294.jpg","url":"https:\/\/www.brandel.cz\/wp-content\/uploads\/img_a355942_w3716_t1570698294.jpg","height":0,"width":0},"keywords":null},{"@type":"Article","@id":"https:\/\/www.brandel.cz\/poloha-neni-jedina-promenna-ktera-se-da-sledovat\/","headline":"Poloha nen\u00ed jedin\u00e1 prom\u011bnn\u00e1, kter\u00e1 se d\u00e1 sledovat","url":"https:\/\/www.brandel.cz\/poloha-neni-jedina-promenna-ktera-se-da-sledovat\/","datePublished":"2019-05-07","dateModified":"2024-01-08","mainEntityOfPage":"https:\/\/www.brandel.cz\/poloha-neni-jedina-promenna-ktera-se-da-sledovat\/","author":{"@type":"Person","@id":"https:\/\/www.brandel.cz\/author\/#Person","name":"","url":"https:\/\/www.brandel.cz\/author\/","identifier":1,"image":{"@type":"ImageObject","@id":"https:\/\/secure.gravatar.com\/avatar\/91506ed60e31abe586276a3e1420719df081581a820344a28fa2034bb1a2fe22?s=96&d=mm&r=g","url":"https:\/\/secure.gravatar.com\/avatar\/91506ed60e31abe586276a3e1420719df081581a820344a28fa2034bb1a2fe22?s=96&d=mm&r=g","height":96,"width":96}},"publisher":{"@type":"Organization","name":"brandel.cz","logo":{"@type":"ImageObject","@id":"\/logo.png","url":"\/logo.png","width":600,"height":60}},"image":{"@type":"ImageObject","@id":"https:\/\/www.brandel.cz\/wp-content\/uploads\/img_a355943_w3716_t1570699022.jpg","url":"https:\/\/www.brandel.cz\/wp-content\/uploads\/img_a355943_w3716_t1570699022.jpg","height":0,"width":0},"keywords":null},{"@type":"Article","@id":"https:\/\/www.brandel.cz\/jsou-devitky-na-zakladni-skole-dulezite\/","headline":"Jsou dev\u00edtky na z\u00e1kladn\u00ed \u0161kole d\u016fle\u017eit\u00e9?","url":"https:\/\/www.brandel.cz\/jsou-devitky-na-zakladni-skole-dulezite\/","datePublished":"2019-04-17","dateModified":"2023-04-26","mainEntityOfPage":"https:\/\/www.brandel.cz\/jsou-devitky-na-zakladni-skole-dulezite\/","author":{"@type":"Person","@id":"https:\/\/www.brandel.cz\/author\/#Person","name":"","url":"https:\/\/www.brandel.cz\/author\/","identifier":1,"image":{"@type":"ImageObject","@id":"https:\/\/secure.gravatar.com\/avatar\/91506ed60e31abe586276a3e1420719df081581a820344a28fa2034bb1a2fe22?s=96&d=mm&r=g","url":"https:\/\/secure.gravatar.com\/avatar\/91506ed60e31abe586276a3e1420719df081581a820344a28fa2034bb1a2fe22?s=96&d=mm&r=g","height":96,"width":96}},"publisher":{"@type":"Organization","name":"brandel.cz","logo":{"@type":"ImageObject","@id":"\/logo.png","url":"\/logo.png","width":600,"height":60}},"image":{"@type":"ImageObject","@id":"https:\/\/www.brandel.cz\/wp-content\/uploads\/img_a341573_w2222_t1554288094.jpg","url":"https:\/\/www.brandel.cz\/wp-content\/uploads\/img_a341573_w2222_t1554288094.jpg","height":0,"width":0},"keywords":null},{"@type":"Article","@id":"https:\/\/www.brandel.cz\/co-obnasi-stehovani-rodinneho-zazemi-do-zahranici\/","headline":"Co obn\u00e1\u0161\u00ed st\u011bhov\u00e1n\u00ed rodinn\u00e9ho z\u00e1zem\u00ed do zahrani\u010d\u00ed","url":"https:\/\/www.brandel.cz\/co-obnasi-stehovani-rodinneho-zazemi-do-zahranici\/","datePublished":"2018-05-08","dateModified":"2023-04-26","mainEntityOfPage":"https:\/\/www.brandel.cz\/co-obnasi-stehovani-rodinneho-zazemi-do-zahranici\/","author":{"@type":"Person","@id":"https:\/\/www.brandel.cz\/author\/#Person","name":"","url":"https:\/\/www.brandel.cz\/author\/","identifier":1,"image":{"@type":"ImageObject","@id":"https:\/\/secure.gravatar.com\/avatar\/91506ed60e31abe586276a3e1420719df081581a820344a28fa2034bb1a2fe22?s=96&d=mm&r=g","url":"https:\/\/secure.gravatar.com\/avatar\/91506ed60e31abe586276a3e1420719df081581a820344a28fa2034bb1a2fe22?s=96&d=mm&r=g","height":96,"width":96}},"publisher":{"@type":"Organization","name":"brandel.cz","logo":{"@type":"ImageObject","@id":"\/logo.png","url":"\/logo.png","width":600,"height":60}},"image":{"@type":"ImageObject","@id":"https:\/\/www.brandel.cz\/wp-content\/uploads\/img_a316977_w2537_t1527762324.jpg","url":"https:\/\/www.brandel.cz\/wp-content\/uploads\/img_a316977_w2537_t1527762324.jpg","height":0,"width":0},"keywords":null},{"@type":"Article","@id":"https:\/\/www.brandel.cz\/wellness-pobyty-v-beskydech-vas-zarucene-nadchnou\/","headline":"Wellness pobyty v Beskydech v\u00e1s zaru\u010den\u011b nadchnou","url":"https:\/\/www.brandel.cz\/wellness-pobyty-v-beskydech-vas-zarucene-nadchnou\/","datePublished":"2018-04-26","dateModified":"2023-04-26","mainEntityOfPage":"https:\/\/www.brandel.cz\/wellness-pobyty-v-beskydech-vas-zarucene-nadchnou\/","author":{"@type":"Person","@id":"https:\/\/www.brandel.cz\/author\/#Person","name":"","url":"https:\/\/www.brandel.cz\/author\/","identifier":1,"image":{"@type":"ImageObject","@id":"https:\/\/secure.gravatar.com\/avatar\/91506ed60e31abe586276a3e1420719df081581a820344a28fa2034bb1a2fe22?s=96&d=mm&r=g","url":"https:\/\/secure.gravatar.com\/avatar\/91506ed60e31abe586276a3e1420719df081581a820344a28fa2034bb1a2fe22?s=96&d=mm&r=g","height":96,"width":96}},"publisher":{"@type":"Organization","name":"brandel.cz","logo":{"@type":"ImageObject","@id":"\/logo.png","url":"\/logo.png","width":600,"height":60}},"image":{"@type":"ImageObject","@id":"https:\/\/www.brandel.cz\/wp-content\/uploads\/img_a314917_w2756_t1525882269.jpg","url":"https:\/\/www.brandel.cz\/wp-content\/uploads\/img_a314917_w2756_t1525882269.jpg","height":0,"width":0},"keywords":null},{"@type":"Article","@id":"https:\/\/www.brandel.cz\/stehovani-kancelari-bez-omezeni-provozu\/","headline":"St\u011bhov\u00e1n\u00ed kancel\u00e1\u0159\u00ed \u2013 bez omezen\u00ed provozu","url":"https:\/\/www.brandel.cz\/stehovani-kancelari-bez-omezeni-provozu\/","datePublished":"2018-04-14","dateModified":"2023-04-26","mainEntityOfPage":"https:\/\/www.brandel.cz\/stehovani-kancelari-bez-omezeni-provozu\/","author":{"@type":"Person","@id":"https:\/\/www.brandel.cz\/author\/#Person","name":"","url":"https:\/\/www.brandel.cz\/author\/","identifier":1,"image":{"@type":"ImageObject","@id":"https:\/\/secure.gravatar.com\/avatar\/91506ed60e31abe586276a3e1420719df081581a820344a28fa2034bb1a2fe22?s=96&d=mm&r=g","url":"https:\/\/secure.gravatar.com\/avatar\/91506ed60e31abe586276a3e1420719df081581a820344a28fa2034bb1a2fe22?s=96&d=mm&r=g","height":96,"width":96}},"publisher":{"@type":"Organization","name":"brandel.cz","logo":{"@type":"ImageObject","@id":"\/logo.png","url":"\/logo.png","width":600,"height":60}},"image":{"@type":"ImageObject","@id":"https:\/\/www.brandel.cz\/wp-content\/uploads\/img_a318211_w2572_t1528960075.jpg","url":"https:\/\/www.brandel.cz\/wp-content\/uploads\/img_a318211_w2572_t1528960075.jpg","height":0,"width":0},"keywords":null}]}