{"@context":"https:\/\/schema.org\/","@type":"CollectionPage","@id":"https:\/\/www.brandel.cz\/spolecnosti\/#CollectionPage","headline":"Spole\u010dnosti Category","description":"","url":"https:\/\/www.brandel.cz\/spolecnosti\/","hasPart":[{"@type":"Article","@id":"https:\/\/www.brandel.cz\/neplytvejte-svymi-silami\/","headline":"Nepl\u00fdtvejte sv\u00fdmi silami","url":"https:\/\/www.brandel.cz\/neplytvejte-svymi-silami\/","datePublished":"2017-12-02","dateModified":"2023-04-26","mainEntityOfPage":"https:\/\/www.brandel.cz\/neplytvejte-svymi-silami\/","author":{"@type":"Person","@id":"https:\/\/www.brandel.cz\/author\/#Person","name":"","url":"https:\/\/www.brandel.cz\/author\/","identifier":1,"image":{"@type":"ImageObject","@id":"https:\/\/secure.gravatar.com\/avatar\/91506ed60e31abe586276a3e1420719df081581a820344a28fa2034bb1a2fe22?s=96&d=mm&r=g","url":"https:\/\/secure.gravatar.com\/avatar\/91506ed60e31abe586276a3e1420719df081581a820344a28fa2034bb1a2fe22?s=96&d=mm&r=g","height":96,"width":96}},"publisher":{"@type":"Organization","name":"brandel.cz","logo":{"@type":"ImageObject","@id":"\/logo.png","url":"\/logo.png","width":600,"height":60}},"image":{"@type":"ImageObject","@id":"https:\/\/www.brandel.cz\/wp-content\/uploads\/img_a305892_w2295_t1517298502.jpg","url":"https:\/\/www.brandel.cz\/wp-content\/uploads\/img_a305892_w2295_t1517298502.jpg","height":0,"width":0},"keywords":null},{"@type":"Article","@id":"https:\/\/www.brandel.cz\/autojeraby\/","headline":"Autoje\u0159\u00e1by","url":"https:\/\/www.brandel.cz\/autojeraby\/","datePublished":"2017-11-22","dateModified":"2023-04-26","mainEntityOfPage":"https:\/\/www.brandel.cz\/autojeraby\/","author":{"@type":"Person","@id":"https:\/\/www.brandel.cz\/author\/#Person","name":"","url":"https:\/\/www.brandel.cz\/author\/","identifier":1,"image":{"@type":"ImageObject","@id":"https:\/\/secure.gravatar.com\/avatar\/91506ed60e31abe586276a3e1420719df081581a820344a28fa2034bb1a2fe22?s=96&d=mm&r=g","url":"https:\/\/secure.gravatar.com\/avatar\/91506ed60e31abe586276a3e1420719df081581a820344a28fa2034bb1a2fe22?s=96&d=mm&r=g","height":96,"width":96}},"publisher":{"@type":"Organization","name":"brandel.cz","logo":{"@type":"ImageObject","@id":"\/logo.png","url":"\/logo.png","width":600,"height":60}},"image":{"@type":"ImageObject","@id":"https:\/\/www.brandel.cz\/wp-content\/uploads\/img_a304319_w1928_t1515407782.png","url":"https:\/\/www.brandel.cz\/wp-content\/uploads\/img_a304319_w1928_t1515407782.png","height":0,"width":0},"keywords":null},{"@type":"Article","@id":"https:\/\/www.brandel.cz\/nechte-to-ve-zkusenych-rukou\/","headline":"Nechte to ve zku\u0161en\u00fdch rukou","url":"https:\/\/www.brandel.cz\/nechte-to-ve-zkusenych-rukou\/","datePublished":"2017-11-14","dateModified":"2023-04-26","mainEntityOfPage":"https:\/\/www.brandel.cz\/nechte-to-ve-zkusenych-rukou\/","author":{"@type":"Person","@id":"https:\/\/www.brandel.cz\/author\/#Person","name":"","url":"https:\/\/www.brandel.cz\/author\/","identifier":1,"image":{"@type":"ImageObject","@id":"https:\/\/secure.gravatar.com\/avatar\/91506ed60e31abe586276a3e1420719df081581a820344a28fa2034bb1a2fe22?s=96&d=mm&r=g","url":"https:\/\/secure.gravatar.com\/avatar\/91506ed60e31abe586276a3e1420719df081581a820344a28fa2034bb1a2fe22?s=96&d=mm&r=g","height":96,"width":96}},"publisher":{"@type":"Organization","name":"brandel.cz","logo":{"@type":"ImageObject","@id":"\/logo.png","url":"\/logo.png","width":600,"height":60}},"image":{"@type":"ImageObject","@id":"https:\/\/www.brandel.cz\/wp-content\/uploads\/img_a304474_w2108_t1515569996.jpg","url":"https:\/\/www.brandel.cz\/wp-content\/uploads\/img_a304474_w2108_t1515569996.jpg","height":0,"width":0},"keywords":null},{"@type":"Article","@id":"https:\/\/www.brandel.cz\/geneticke-zatizeni-odhalite-vcas\/","headline":"Genetick\u00e9 zat\u00ed\u017een\u00ed odhal\u00edte v\u010das","url":"https:\/\/www.brandel.cz\/geneticke-zatizeni-odhalite-vcas\/","datePublished":"2017-11-01","dateModified":"2023-04-26","mainEntityOfPage":"https:\/\/www.brandel.cz\/geneticke-zatizeni-odhalite-vcas\/","author":{"@type":"Person","@id":"https:\/\/www.brandel.cz\/author\/#Person","name":"","url":"https:\/\/www.brandel.cz\/author\/","identifier":1,"image":{"@type":"ImageObject","@id":"https:\/\/secure.gravatar.com\/avatar\/91506ed60e31abe586276a3e1420719df081581a820344a28fa2034bb1a2fe22?s=96&d=mm&r=g","url":"https:\/\/secure.gravatar.com\/avatar\/91506ed60e31abe586276a3e1420719df081581a820344a28fa2034bb1a2fe22?s=96&d=mm&r=g","height":96,"width":96}},"publisher":{"@type":"Organization","name":"brandel.cz","logo":{"@type":"ImageObject","@id":"\/logo.png","url":"\/logo.png","width":600,"height":60}},"image":{"@type":"ImageObject","@id":"https:\/\/www.brandel.cz\/wp-content\/uploads\/img_a304304_w2206_t1515405667.jpg","url":"https:\/\/www.brandel.cz\/wp-content\/uploads\/img_a304304_w2206_t1515405667.jpg","height":0,"width":0},"keywords":null},{"@type":"Article","@id":"https:\/\/www.brandel.cz\/mista-neni-nikdy-dost\/","headline":"M\u00edsta nen\u00ed nikdy dost","url":"https:\/\/www.brandel.cz\/mista-neni-nikdy-dost\/","datePublished":"2017-10-21","dateModified":"2023-04-26","mainEntityOfPage":"https:\/\/www.brandel.cz\/mista-neni-nikdy-dost\/","author":{"@type":"Person","@id":"https:\/\/www.brandel.cz\/author\/#Person","name":"","url":"https:\/\/www.brandel.cz\/author\/","identifier":1,"image":{"@type":"ImageObject","@id":"https:\/\/secure.gravatar.com\/avatar\/91506ed60e31abe586276a3e1420719df081581a820344a28fa2034bb1a2fe22?s=96&d=mm&r=g","url":"https:\/\/secure.gravatar.com\/avatar\/91506ed60e31abe586276a3e1420719df081581a820344a28fa2034bb1a2fe22?s=96&d=mm&r=g","height":96,"width":96}},"publisher":{"@type":"Organization","name":"brandel.cz","logo":{"@type":"ImageObject","@id":"\/logo.png","url":"\/logo.png","width":600,"height":60}},"image":{"@type":"ImageObject","@id":"https:\/\/www.brandel.cz\/wp-content\/uploads\/img_a302647_w2173_t1512565072.png","url":"https:\/\/www.brandel.cz\/wp-content\/uploads\/img_a302647_w2173_t1512565072.png","height":0,"width":0},"keywords":null},{"@type":"Article","@id":"https:\/\/www.brandel.cz\/radostne-vareni-a-peceni\/","headline":"Radostn\u00e9 va\u0159en\u00ed a pe\u010den\u00ed","url":"https:\/\/www.brandel.cz\/radostne-vareni-a-peceni\/","datePublished":"2017-10-14","dateModified":"2023-04-26","mainEntityOfPage":"https:\/\/www.brandel.cz\/radostne-vareni-a-peceni\/","author":{"@type":"Person","@id":"https:\/\/www.brandel.cz\/author\/#Person","name":"","url":"https:\/\/www.brandel.cz\/author\/","identifier":1,"image":{"@type":"ImageObject","@id":"https:\/\/secure.gravatar.com\/avatar\/91506ed60e31abe586276a3e1420719df081581a820344a28fa2034bb1a2fe22?s=96&d=mm&r=g","url":"https:\/\/secure.gravatar.com\/avatar\/91506ed60e31abe586276a3e1420719df081581a820344a28fa2034bb1a2fe22?s=96&d=mm&r=g","height":96,"width":96}},"publisher":{"@type":"Organization","name":"brandel.cz","logo":{"@type":"ImageObject","@id":"\/logo.png","url":"\/logo.png","width":600,"height":60}},"image":{"@type":"ImageObject","@id":"https:\/\/www.brandel.cz\/wp-content\/uploads\/img_a301975_w2445_t1512027933.jpg","url":"https:\/\/www.brandel.cz\/wp-content\/uploads\/img_a301975_w2445_t1512027933.jpg","height":0,"width":0},"keywords":null},{"@type":"Article","@id":"https:\/\/www.brandel.cz\/v-prijemnem-prostredi-se-rychleji-plni-pracovni-ukoly\/","headline":"V p\u0159\u00edjemn\u00e9m prost\u0159ed\u00ed se rychleji pln\u00ed pracovn\u00ed \u00fakoly","url":"https:\/\/www.brandel.cz\/v-prijemnem-prostredi-se-rychleji-plni-pracovni-ukoly\/","datePublished":"2017-10-10","dateModified":"2023-04-26","mainEntityOfPage":"https:\/\/www.brandel.cz\/v-prijemnem-prostredi-se-rychleji-plni-pracovni-ukoly\/","author":{"@type":"Person","@id":"https:\/\/www.brandel.cz\/author\/#Person","name":"","url":"https:\/\/www.brandel.cz\/author\/","identifier":1,"image":{"@type":"ImageObject","@id":"https:\/\/secure.gravatar.com\/avatar\/91506ed60e31abe586276a3e1420719df081581a820344a28fa2034bb1a2fe22?s=96&d=mm&r=g","url":"https:\/\/secure.gravatar.com\/avatar\/91506ed60e31abe586276a3e1420719df081581a820344a28fa2034bb1a2fe22?s=96&d=mm&r=g","height":96,"width":96}},"publisher":{"@type":"Organization","name":"brandel.cz","logo":{"@type":"ImageObject","@id":"\/logo.png","url":"\/logo.png","width":600,"height":60}},"image":{"@type":"ImageObject","@id":"https:\/\/www.brandel.cz\/wp-content\/uploads\/img_a302659_w2011_t1512569007.jpg","url":"https:\/\/www.brandel.cz\/wp-content\/uploads\/img_a302659_w2011_t1512569007.jpg","height":0,"width":0},"keywords":null},{"@type":"Article","@id":"https:\/\/www.brandel.cz\/vybaveni-na-ktere-se-muzete-spolehnout\/","headline":"Vybaven\u00ed, na kter\u00e9 se m\u016f\u017eete spolehnout","url":"https:\/\/www.brandel.cz\/vybaveni-na-ktere-se-muzete-spolehnout\/","datePublished":"2017-10-05","dateModified":"2023-04-26","mainEntityOfPage":"https:\/\/www.brandel.cz\/vybaveni-na-ktere-se-muzete-spolehnout\/","author":{"@type":"Person","@id":"https:\/\/www.brandel.cz\/author\/#Person","name":"","url":"https:\/\/www.brandel.cz\/author\/","identifier":1,"image":{"@type":"ImageObject","@id":"https:\/\/secure.gravatar.com\/avatar\/91506ed60e31abe586276a3e1420719df081581a820344a28fa2034bb1a2fe22?s=96&d=mm&r=g","url":"https:\/\/secure.gravatar.com\/avatar\/91506ed60e31abe586276a3e1420719df081581a820344a28fa2034bb1a2fe22?s=96&d=mm&r=g","height":96,"width":96}},"publisher":{"@type":"Organization","name":"brandel.cz","logo":{"@type":"ImageObject","@id":"\/logo.png","url":"\/logo.png","width":600,"height":60}},"image":{"@type":"ImageObject","@id":"https:\/\/www.brandel.cz\/wp-content\/uploads\/img_a302669_w2357_t1512574389.png","url":"https:\/\/www.brandel.cz\/wp-content\/uploads\/img_a302669_w2357_t1512574389.png","height":0,"width":0},"keywords":null},{"@type":"Article","@id":"https:\/\/www.brandel.cz\/vase-spokojenost-na-prvnim-miste\/","headline":"Va\u0161e spokojenost na prvn\u00edm m\u00edst\u011b","url":"https:\/\/www.brandel.cz\/vase-spokojenost-na-prvnim-miste\/","datePublished":"2017-10-04","dateModified":"2023-04-26","mainEntityOfPage":"https:\/\/www.brandel.cz\/vase-spokojenost-na-prvnim-miste\/","author":{"@type":"Person","@id":"https:\/\/www.brandel.cz\/author\/#Person","name":"","url":"https:\/\/www.brandel.cz\/author\/","identifier":1,"image":{"@type":"ImageObject","@id":"https:\/\/secure.gravatar.com\/avatar\/91506ed60e31abe586276a3e1420719df081581a820344a28fa2034bb1a2fe22?s=96&d=mm&r=g","url":"https:\/\/secure.gravatar.com\/avatar\/91506ed60e31abe586276a3e1420719df081581a820344a28fa2034bb1a2fe22?s=96&d=mm&r=g","height":96,"width":96}},"publisher":{"@type":"Organization","name":"brandel.cz","logo":{"@type":"ImageObject","@id":"\/logo.png","url":"\/logo.png","width":600,"height":60}},"image":{"@type":"ImageObject","@id":"https:\/\/www.brandel.cz\/wp-content\/uploads\/img_a302048_w2186_t1512044362.jpg","url":"https:\/\/www.brandel.cz\/wp-content\/uploads\/img_a302048_w2186_t1512044362.jpg","height":0,"width":0},"keywords":null},{"@type":"Article","@id":"https:\/\/www.brandel.cz\/bytove-a-prumyslove-elektroinstalace\/","headline":"Bytov\u00e9 a pr\u016fmyslov\u00e9 elektroinstalace","url":"https:\/\/www.brandel.cz\/bytove-a-prumyslove-elektroinstalace\/","datePublished":"2017-10-03","dateModified":"2023-04-26","mainEntityOfPage":"https:\/\/www.brandel.cz\/bytove-a-prumyslove-elektroinstalace\/","author":{"@type":"Person","@id":"https:\/\/www.brandel.cz\/author\/#Person","name":"","url":"https:\/\/www.brandel.cz\/author\/","identifier":1,"image":{"@type":"ImageObject","@id":"https:\/\/secure.gravatar.com\/avatar\/91506ed60e31abe586276a3e1420719df081581a820344a28fa2034bb1a2fe22?s=96&d=mm&r=g","url":"https:\/\/secure.gravatar.com\/avatar\/91506ed60e31abe586276a3e1420719df081581a820344a28fa2034bb1a2fe22?s=96&d=mm&r=g","height":96,"width":96}},"publisher":{"@type":"Organization","name":"brandel.cz","logo":{"@type":"ImageObject","@id":"\/logo.png","url":"\/logo.png","width":600,"height":60}},"image":{"@type":"ImageObject","@id":"https:\/\/www.brandel.cz\/wp-content\/uploads\/img_a300607_w2295_t1510670841.jpg","url":"https:\/\/www.brandel.cz\/wp-content\/uploads\/img_a300607_w2295_t1510670841.jpg","height":0,"width":0},"keywords":null}]}