{"@context":"https:\/\/schema.org\/","@type":"CollectionPage","@id":"https:\/\/www.brandel.cz\/spolecnosti\/#CollectionPage","headline":"Spole\u010dnosti Category","description":"","url":"https:\/\/www.brandel.cz\/spolecnosti\/","hasPart":[{"@type":"Article","@id":"https:\/\/www.brandel.cz\/najdete-si-sve-bozstvo\/","headline":"Najd\u011bte si sv\u00e9 bo\u017estvo","url":"https:\/\/www.brandel.cz\/najdete-si-sve-bozstvo\/","datePublished":"2017-10-03","dateModified":"2023-04-26","mainEntityOfPage":"https:\/\/www.brandel.cz\/najdete-si-sve-bozstvo\/","author":{"@type":"Person","@id":"https:\/\/www.brandel.cz\/author\/#Person","name":"","url":"https:\/\/www.brandel.cz\/author\/","identifier":1,"image":{"@type":"ImageObject","@id":"https:\/\/secure.gravatar.com\/avatar\/91506ed60e31abe586276a3e1420719df081581a820344a28fa2034bb1a2fe22?s=96&d=mm&r=g","url":"https:\/\/secure.gravatar.com\/avatar\/91506ed60e31abe586276a3e1420719df081581a820344a28fa2034bb1a2fe22?s=96&d=mm&r=g","height":96,"width":96}},"publisher":{"@type":"Organization","name":"brandel.cz","logo":{"@type":"ImageObject","@id":"\/logo.png","url":"\/logo.png","width":600,"height":60}},"image":{"@type":"ImageObject","@id":"https:\/\/www.brandel.cz\/wp-content\/uploads\/img_a301112_w2375_t1511256513.jpg","url":"https:\/\/www.brandel.cz\/wp-content\/uploads\/img_a301112_w2375_t1511256513.jpg","height":0,"width":0},"keywords":null},{"@type":"Article","@id":"https:\/\/www.brandel.cz\/energie-bez-ktere-by-to-neslo\/","headline":"Energie, bez kter\u00e9 by to ne\u0161lo","url":"https:\/\/www.brandel.cz\/energie-bez-ktere-by-to-neslo\/","datePublished":"2017-09-24","dateModified":"2023-04-26","mainEntityOfPage":"https:\/\/www.brandel.cz\/energie-bez-ktere-by-to-neslo\/","author":{"@type":"Person","@id":"https:\/\/www.brandel.cz\/author\/#Person","name":"","url":"https:\/\/www.brandel.cz\/author\/","identifier":1,"image":{"@type":"ImageObject","@id":"https:\/\/secure.gravatar.com\/avatar\/91506ed60e31abe586276a3e1420719df081581a820344a28fa2034bb1a2fe22?s=96&d=mm&r=g","url":"https:\/\/secure.gravatar.com\/avatar\/91506ed60e31abe586276a3e1420719df081581a820344a28fa2034bb1a2fe22?s=96&d=mm&r=g","height":96,"width":96}},"publisher":{"@type":"Organization","name":"brandel.cz","logo":{"@type":"ImageObject","@id":"\/logo.png","url":"\/logo.png","width":600,"height":60}},"image":{"@type":"ImageObject","@id":"https:\/\/www.brandel.cz\/wp-content\/uploads\/img_a299948_w2164_t1509989312.png","url":"https:\/\/www.brandel.cz\/wp-content\/uploads\/img_a299948_w2164_t1509989312.png","height":0,"width":0},"keywords":null},{"@type":"Article","@id":"https:\/\/www.brandel.cz\/kvalitni-reseni\/","headline":"Kvalitn\u00ed \u0159e\u0161en\u00ed","url":"https:\/\/www.brandel.cz\/kvalitni-reseni\/","datePublished":"2017-09-19","dateModified":"2023-04-26","mainEntityOfPage":"https:\/\/www.brandel.cz\/kvalitni-reseni\/","author":{"@type":"Person","@id":"https:\/\/www.brandel.cz\/author\/#Person","name":"","url":"https:\/\/www.brandel.cz\/author\/","identifier":1,"image":{"@type":"ImageObject","@id":"https:\/\/secure.gravatar.com\/avatar\/91506ed60e31abe586276a3e1420719df081581a820344a28fa2034bb1a2fe22?s=96&d=mm&r=g","url":"https:\/\/secure.gravatar.com\/avatar\/91506ed60e31abe586276a3e1420719df081581a820344a28fa2034bb1a2fe22?s=96&d=mm&r=g","height":96,"width":96}},"publisher":{"@type":"Organization","name":"brandel.cz","logo":{"@type":"ImageObject","@id":"\/logo.png","url":"\/logo.png","width":600,"height":60}},"image":{"@type":"ImageObject","@id":"https:\/\/www.brandel.cz\/wp-content\/uploads\/img_a300279_w2061_t1510328900.png","url":"https:\/\/www.brandel.cz\/wp-content\/uploads\/img_a300279_w2061_t1510328900.png","height":0,"width":0},"keywords":null},{"@type":"Article","@id":"https:\/\/www.brandel.cz\/tisknete-pruzne-a-za-predem-znamou-cenu\/","headline":"Tiskn\u011bte pru\u017en\u011b a za p\u0159edem zn\u00e1mou cenu","url":"https:\/\/www.brandel.cz\/tisknete-pruzne-a-za-predem-znamou-cenu\/","datePublished":"2017-09-19","dateModified":"2023-04-26","mainEntityOfPage":"https:\/\/www.brandel.cz\/tisknete-pruzne-a-za-predem-znamou-cenu\/","author":{"@type":"Person","@id":"https:\/\/www.brandel.cz\/author\/#Person","name":"","url":"https:\/\/www.brandel.cz\/author\/","identifier":1,"image":{"@type":"ImageObject","@id":"https:\/\/secure.gravatar.com\/avatar\/91506ed60e31abe586276a3e1420719df081581a820344a28fa2034bb1a2fe22?s=96&d=mm&r=g","url":"https:\/\/secure.gravatar.com\/avatar\/91506ed60e31abe586276a3e1420719df081581a820344a28fa2034bb1a2fe22?s=96&d=mm&r=g","height":96,"width":96}},"publisher":{"@type":"Organization","name":"brandel.cz","logo":{"@type":"ImageObject","@id":"\/logo.png","url":"\/logo.png","width":600,"height":60}},"image":{"@type":"ImageObject","@id":"https:\/\/www.brandel.cz\/wp-content\/uploads\/img_a297949_w2143_t1508316370.jpg","url":"https:\/\/www.brandel.cz\/wp-content\/uploads\/img_a297949_w2143_t1508316370.jpg","height":0,"width":0},"keywords":null},{"@type":"Article","@id":"https:\/\/www.brandel.cz\/pece-kterou-si-rychle-zamilujete\/","headline":"P\u00e9\u010de, kterou si rychle zamilujete","url":"https:\/\/www.brandel.cz\/pece-kterou-si-rychle-zamilujete\/","datePublished":"2017-09-10","dateModified":"2023-04-26","mainEntityOfPage":"https:\/\/www.brandel.cz\/pece-kterou-si-rychle-zamilujete\/","author":{"@type":"Person","@id":"https:\/\/www.brandel.cz\/author\/#Person","name":"","url":"https:\/\/www.brandel.cz\/author\/","identifier":1,"image":{"@type":"ImageObject","@id":"https:\/\/secure.gravatar.com\/avatar\/91506ed60e31abe586276a3e1420719df081581a820344a28fa2034bb1a2fe22?s=96&d=mm&r=g","url":"https:\/\/secure.gravatar.com\/avatar\/91506ed60e31abe586276a3e1420719df081581a820344a28fa2034bb1a2fe22?s=96&d=mm&r=g","height":96,"width":96}},"publisher":{"@type":"Organization","name":"brandel.cz","logo":{"@type":"ImageObject","@id":"\/logo.png","url":"\/logo.png","width":600,"height":60}},"image":{"@type":"ImageObject","@id":"https:\/\/www.brandel.cz\/wp-content\/uploads\/img_a298630_w2457_t1508921893.jpg","url":"https:\/\/www.brandel.cz\/wp-content\/uploads\/img_a298630_w2457_t1508921893.jpg","height":0,"width":0},"keywords":null},{"@type":"Article","@id":"https:\/\/www.brandel.cz\/kvalitni-kovovy-nabytek-se-nehleda-tezko\/","headline":"Kvalitn\u00ed kovov\u00fd n\u00e1bytek se nehled\u00e1 t\u011b\u017eko","url":"https:\/\/www.brandel.cz\/kvalitni-kovovy-nabytek-se-nehleda-tezko\/","datePublished":"2017-09-09","dateModified":"2023-04-26","mainEntityOfPage":"https:\/\/www.brandel.cz\/kvalitni-kovovy-nabytek-se-nehleda-tezko\/","author":{"@type":"Person","@id":"https:\/\/www.brandel.cz\/author\/#Person","name":"","url":"https:\/\/www.brandel.cz\/author\/","identifier":1,"image":{"@type":"ImageObject","@id":"https:\/\/secure.gravatar.com\/avatar\/91506ed60e31abe586276a3e1420719df081581a820344a28fa2034bb1a2fe22?s=96&d=mm&r=g","url":"https:\/\/secure.gravatar.com\/avatar\/91506ed60e31abe586276a3e1420719df081581a820344a28fa2034bb1a2fe22?s=96&d=mm&r=g","height":96,"width":96}},"publisher":{"@type":"Organization","name":"brandel.cz","logo":{"@type":"ImageObject","@id":"\/logo.png","url":"\/logo.png","width":600,"height":60}},"image":{"@type":"ImageObject","@id":"https:\/\/www.brandel.cz\/wp-content\/uploads\/img_a300167_w2445_t1510236967.jpg","url":"https:\/\/www.brandel.cz\/wp-content\/uploads\/img_a300167_w2445_t1510236967.jpg","height":0,"width":0},"keywords":null},{"@type":"Article","@id":"https:\/\/www.brandel.cz\/chtejte-sluzby-na-ktere-je-spolehnuti\/","headline":"Cht\u011bjte slu\u017eby, na kter\u00e9 je spolehnut\u00ed","url":"https:\/\/www.brandel.cz\/chtejte-sluzby-na-ktere-je-spolehnuti\/","datePublished":"2017-09-08","dateModified":"2023-04-26","mainEntityOfPage":"https:\/\/www.brandel.cz\/chtejte-sluzby-na-ktere-je-spolehnuti\/","author":{"@type":"Person","@id":"https:\/\/www.brandel.cz\/author\/#Person","name":"","url":"https:\/\/www.brandel.cz\/author\/","identifier":1,"image":{"@type":"ImageObject","@id":"https:\/\/secure.gravatar.com\/avatar\/91506ed60e31abe586276a3e1420719df081581a820344a28fa2034bb1a2fe22?s=96&d=mm&r=g","url":"https:\/\/secure.gravatar.com\/avatar\/91506ed60e31abe586276a3e1420719df081581a820344a28fa2034bb1a2fe22?s=96&d=mm&r=g","height":96,"width":96}},"publisher":{"@type":"Organization","name":"brandel.cz","logo":{"@type":"ImageObject","@id":"\/logo.png","url":"\/logo.png","width":600,"height":60}},"image":{"@type":"ImageObject","@id":"https:\/\/www.brandel.cz\/wp-content\/uploads\/img_a297682_w2162_t1508094134.jpg","url":"https:\/\/www.brandel.cz\/wp-content\/uploads\/img_a297682_w2162_t1508094134.jpg","height":0,"width":0},"keywords":null},{"@type":"Article","@id":"https:\/\/www.brandel.cz\/wellness-pobyty\/","headline":"Wellness pobyty","url":"https:\/\/www.brandel.cz\/wellness-pobyty\/","datePublished":"2017-09-08","dateModified":"2023-04-26","mainEntityOfPage":"https:\/\/www.brandel.cz\/wellness-pobyty\/","author":{"@type":"Person","@id":"https:\/\/www.brandel.cz\/author\/#Person","name":"","url":"https:\/\/www.brandel.cz\/author\/","identifier":1,"image":{"@type":"ImageObject","@id":"https:\/\/secure.gravatar.com\/avatar\/91506ed60e31abe586276a3e1420719df081581a820344a28fa2034bb1a2fe22?s=96&d=mm&r=g","url":"https:\/\/secure.gravatar.com\/avatar\/91506ed60e31abe586276a3e1420719df081581a820344a28fa2034bb1a2fe22?s=96&d=mm&r=g","height":96,"width":96}},"publisher":{"@type":"Organization","name":"brandel.cz","logo":{"@type":"ImageObject","@id":"\/logo.png","url":"\/logo.png","width":600,"height":60}},"image":{"@type":"ImageObject","@id":"https:\/\/www.brandel.cz\/wp-content\/uploads\/img_a298664_w2457_t1508929126.jpg","url":"https:\/\/www.brandel.cz\/wp-content\/uploads\/img_a298664_w2457_t1508929126.jpg","height":0,"width":0},"keywords":null},{"@type":"Article","@id":"https:\/\/www.brandel.cz\/svuj-odev-budete-mit-odlozen-bezpecne\/","headline":"Sv\u016fj od\u011bv budete m\u00edt odlo\u017een bezpe\u010dn\u011b","url":"https:\/\/www.brandel.cz\/svuj-odev-budete-mit-odlozen-bezpecne\/","datePublished":"2017-09-06","dateModified":"2023-04-26","mainEntityOfPage":"https:\/\/www.brandel.cz\/svuj-odev-budete-mit-odlozen-bezpecne\/","author":{"@type":"Person","@id":"https:\/\/www.brandel.cz\/author\/#Person","name":"","url":"https:\/\/www.brandel.cz\/author\/","identifier":1,"image":{"@type":"ImageObject","@id":"https:\/\/secure.gravatar.com\/avatar\/91506ed60e31abe586276a3e1420719df081581a820344a28fa2034bb1a2fe22?s=96&d=mm&r=g","url":"https:\/\/secure.gravatar.com\/avatar\/91506ed60e31abe586276a3e1420719df081581a820344a28fa2034bb1a2fe22?s=96&d=mm&r=g","height":96,"width":96}},"publisher":{"@type":"Organization","name":"brandel.cz","logo":{"@type":"ImageObject","@id":"\/logo.png","url":"\/logo.png","width":600,"height":60}},"image":{"@type":"ImageObject","@id":"https:\/\/www.brandel.cz\/wp-content\/uploads\/img_a300262_w2191_t1510324670.jpg","url":"https:\/\/www.brandel.cz\/wp-content\/uploads\/img_a300262_w2191_t1510324670.jpg","height":0,"width":0},"keywords":null},{"@type":"Article","@id":"https:\/\/www.brandel.cz\/pomocnik-i-do-vasi-kuchyne\/","headline":"Pomocn\u00edk i do Va\u0161\u00ed kuchyn\u011b","url":"https:\/\/www.brandel.cz\/pomocnik-i-do-vasi-kuchyne\/","datePublished":"2017-09-01","dateModified":"2023-04-26","mainEntityOfPage":"https:\/\/www.brandel.cz\/pomocnik-i-do-vasi-kuchyne\/","author":{"@type":"Person","@id":"https:\/\/www.brandel.cz\/author\/#Person","name":"","url":"https:\/\/www.brandel.cz\/author\/","identifier":1,"image":{"@type":"ImageObject","@id":"https:\/\/secure.gravatar.com\/avatar\/91506ed60e31abe586276a3e1420719df081581a820344a28fa2034bb1a2fe22?s=96&d=mm&r=g","url":"https:\/\/secure.gravatar.com\/avatar\/91506ed60e31abe586276a3e1420719df081581a820344a28fa2034bb1a2fe22?s=96&d=mm&r=g","height":96,"width":96}},"publisher":{"@type":"Organization","name":"brandel.cz","logo":{"@type":"ImageObject","@id":"\/logo.png","url":"\/logo.png","width":600,"height":60}},"image":{"@type":"ImageObject","@id":"https:\/\/www.brandel.cz\/wp-content\/uploads\/img_a298136_w2150_t1508431952.jpg","url":"https:\/\/www.brandel.cz\/wp-content\/uploads\/img_a298136_w2150_t1508431952.jpg","height":0,"width":0},"keywords":null}]}