{"@context":"https:\/\/schema.org\/","@type":"CollectionPage","@id":"https:\/\/www.brandel.cz\/spolecnosti\/#CollectionPage","headline":"Spole\u010dnosti Category","description":"","url":"https:\/\/www.brandel.cz\/spolecnosti\/","hasPart":[{"@type":"Article","@id":"https:\/\/www.brandel.cz\/tezkou-techniku-neni-mozne-nahradit\/","headline":"T\u011b\u017ekou techniku nen\u00ed mo\u017en\u00e9 nahradit","url":"https:\/\/www.brandel.cz\/tezkou-techniku-neni-mozne-nahradit\/","datePublished":"2017-08-27","dateModified":"2023-04-26","mainEntityOfPage":"https:\/\/www.brandel.cz\/tezkou-techniku-neni-mozne-nahradit\/","author":{"@type":"Person","@id":"https:\/\/www.brandel.cz\/author\/#Person","name":"","url":"https:\/\/www.brandel.cz\/author\/","identifier":1,"image":{"@type":"ImageObject","@id":"https:\/\/secure.gravatar.com\/avatar\/91506ed60e31abe586276a3e1420719df081581a820344a28fa2034bb1a2fe22?s=96&d=mm&r=g","url":"https:\/\/secure.gravatar.com\/avatar\/91506ed60e31abe586276a3e1420719df081581a820344a28fa2034bb1a2fe22?s=96&d=mm&r=g","height":96,"width":96}},"publisher":{"@type":"Organization","name":"brandel.cz","logo":{"@type":"ImageObject","@id":"\/logo.png","url":"\/logo.png","width":600,"height":60}},"image":{"@type":"ImageObject","@id":"https:\/\/www.brandel.cz\/wp-content\/uploads\/img_a296980_w2195_t1507717320.jpg","url":"https:\/\/www.brandel.cz\/wp-content\/uploads\/img_a296980_w2195_t1507717320.jpg","height":0,"width":0},"keywords":null},{"@type":"Article","@id":"https:\/\/www.brandel.cz\/kvalitni-geneticke-vysetreni-odhali-vsechna-rizika\/","headline":"Kvalitn\u00ed genetick\u00e9 vy\u0161et\u0159en\u00ed odhal\u00ed v\u0161echna rizika","url":"https:\/\/www.brandel.cz\/kvalitni-geneticke-vysetreni-odhali-vsechna-rizika\/","datePublished":"2017-08-21","dateModified":"2023-04-26","mainEntityOfPage":"https:\/\/www.brandel.cz\/kvalitni-geneticke-vysetreni-odhali-vsechna-rizika\/","author":{"@type":"Person","@id":"https:\/\/www.brandel.cz\/author\/#Person","name":"","url":"https:\/\/www.brandel.cz\/author\/","identifier":1,"image":{"@type":"ImageObject","@id":"https:\/\/secure.gravatar.com\/avatar\/91506ed60e31abe586276a3e1420719df081581a820344a28fa2034bb1a2fe22?s=96&d=mm&r=g","url":"https:\/\/secure.gravatar.com\/avatar\/91506ed60e31abe586276a3e1420719df081581a820344a28fa2034bb1a2fe22?s=96&d=mm&r=g","height":96,"width":96}},"publisher":{"@type":"Organization","name":"brandel.cz","logo":{"@type":"ImageObject","@id":"\/logo.png","url":"\/logo.png","width":600,"height":60}},"image":{"@type":"ImageObject","@id":"https:\/\/www.brandel.cz\/wp-content\/uploads\/img_a293442_w2148_t1505735095.png","url":"https:\/\/www.brandel.cz\/wp-content\/uploads\/img_a293442_w2148_t1505735095.png","height":0,"width":0},"keywords":null},{"@type":"Article","@id":"https:\/\/www.brandel.cz\/vyberte-si-kvalitni-vybaveni-ktere-vas-nebude-omezovat\/","headline":"Vyberte si kvalitn\u00ed vybaven\u00ed, kter\u00e9 v\u00e1s nebude omezovat","url":"https:\/\/www.brandel.cz\/vyberte-si-kvalitni-vybaveni-ktere-vas-nebude-omezovat\/","datePublished":"2017-08-14","dateModified":"2023-04-26","mainEntityOfPage":"https:\/\/www.brandel.cz\/vyberte-si-kvalitni-vybaveni-ktere-vas-nebude-omezovat\/","author":{"@type":"Person","@id":"https:\/\/www.brandel.cz\/author\/#Person","name":"","url":"https:\/\/www.brandel.cz\/author\/","identifier":1,"image":{"@type":"ImageObject","@id":"https:\/\/secure.gravatar.com\/avatar\/91506ed60e31abe586276a3e1420719df081581a820344a28fa2034bb1a2fe22?s=96&d=mm&r=g","url":"https:\/\/secure.gravatar.com\/avatar\/91506ed60e31abe586276a3e1420719df081581a820344a28fa2034bb1a2fe22?s=96&d=mm&r=g","height":96,"width":96}},"publisher":{"@type":"Organization","name":"brandel.cz","logo":{"@type":"ImageObject","@id":"\/logo.png","url":"\/logo.png","width":600,"height":60}},"image":{"@type":"ImageObject","@id":"https:\/\/www.brandel.cz\/wp-content\/uploads\/img_a296001_w2129_t1507305731.jpg","url":"https:\/\/www.brandel.cz\/wp-content\/uploads\/img_a296001_w2129_t1507305731.jpg","height":0,"width":0},"keywords":null},{"@type":"Article","@id":"https:\/\/www.brandel.cz\/tehotenstvi-je-nekdy-i-obdobim-velke-nervozity\/","headline":"T\u011bhotenstv\u00ed je n\u011bkdy i obdob\u00edm velk\u00e9 nervozity","url":"https:\/\/www.brandel.cz\/tehotenstvi-je-nekdy-i-obdobim-velke-nervozity\/","datePublished":"2017-08-08","dateModified":"2023-04-26","mainEntityOfPage":"https:\/\/www.brandel.cz\/tehotenstvi-je-nekdy-i-obdobim-velke-nervozity\/","author":{"@type":"Person","@id":"https:\/\/www.brandel.cz\/author\/#Person","name":"","url":"https:\/\/www.brandel.cz\/author\/","identifier":1,"image":{"@type":"ImageObject","@id":"https:\/\/secure.gravatar.com\/avatar\/91506ed60e31abe586276a3e1420719df081581a820344a28fa2034bb1a2fe22?s=96&d=mm&r=g","url":"https:\/\/secure.gravatar.com\/avatar\/91506ed60e31abe586276a3e1420719df081581a820344a28fa2034bb1a2fe22?s=96&d=mm&r=g","height":96,"width":96}},"publisher":{"@type":"Organization","name":"brandel.cz","logo":{"@type":"ImageObject","@id":"\/logo.png","url":"\/logo.png","width":600,"height":60}},"image":{"@type":"ImageObject","@id":"https:\/\/www.brandel.cz\/wp-content\/uploads\/img_a293446_w2133_t1505735446.jpg","url":"https:\/\/www.brandel.cz\/wp-content\/uploads\/img_a293446_w2133_t1505735446.jpg","height":0,"width":0},"keywords":null},{"@type":"Article","@id":"https:\/\/www.brandel.cz\/pro-zacatecniky-i-pro-ty-nejpokrocilejsi\/","headline":"Pro za\u010d\u00e1te\u010dn\u00edky i pro ty nejpokro\u010dilej\u0161\u00ed","url":"https:\/\/www.brandel.cz\/pro-zacatecniky-i-pro-ty-nejpokrocilejsi\/","datePublished":"2017-08-07","dateModified":"2023-04-26","mainEntityOfPage":"https:\/\/www.brandel.cz\/pro-zacatecniky-i-pro-ty-nejpokrocilejsi\/","author":{"@type":"Person","@id":"https:\/\/www.brandel.cz\/author\/#Person","name":"","url":"https:\/\/www.brandel.cz\/author\/","identifier":1,"image":{"@type":"ImageObject","@id":"https:\/\/secure.gravatar.com\/avatar\/91506ed60e31abe586276a3e1420719df081581a820344a28fa2034bb1a2fe22?s=96&d=mm&r=g","url":"https:\/\/secure.gravatar.com\/avatar\/91506ed60e31abe586276a3e1420719df081581a820344a28fa2034bb1a2fe22?s=96&d=mm&r=g","height":96,"width":96}},"publisher":{"@type":"Organization","name":"brandel.cz","logo":{"@type":"ImageObject","@id":"\/logo.png","url":"\/logo.png","width":600,"height":60}},"image":{"@type":"ImageObject","@id":"https:\/\/www.brandel.cz\/wp-content\/uploads\/img_a298200_w1935_t1508499368.jpg","url":"https:\/\/www.brandel.cz\/wp-content\/uploads\/img_a298200_w1935_t1508499368.jpg","height":0,"width":0},"keywords":null},{"@type":"Article","@id":"https:\/\/www.brandel.cz\/3d-tisk-praha\/","headline":"3D tisk Praha","url":"https:\/\/www.brandel.cz\/3d-tisk-praha\/","datePublished":"2017-08-04","dateModified":"2023-04-26","mainEntityOfPage":"https:\/\/www.brandel.cz\/3d-tisk-praha\/","author":{"@type":"Person","@id":"https:\/\/www.brandel.cz\/author\/#Person","name":"","url":"https:\/\/www.brandel.cz\/author\/","identifier":1,"image":{"@type":"ImageObject","@id":"https:\/\/secure.gravatar.com\/avatar\/91506ed60e31abe586276a3e1420719df081581a820344a28fa2034bb1a2fe22?s=96&d=mm&r=g","url":"https:\/\/secure.gravatar.com\/avatar\/91506ed60e31abe586276a3e1420719df081581a820344a28fa2034bb1a2fe22?s=96&d=mm&r=g","height":96,"width":96}},"publisher":{"@type":"Organization","name":"brandel.cz","logo":{"@type":"ImageObject","@id":"\/logo.png","url":"\/logo.png","width":600,"height":60}},"image":{"@type":"ImageObject","@id":"https:\/\/www.brandel.cz\/wp-content\/uploads\/img_a297134_w2164_t1507790849.png","url":"https:\/\/www.brandel.cz\/wp-content\/uploads\/img_a297134_w2164_t1507790849.png","height":0,"width":0},"keywords":null},{"@type":"Article","@id":"https:\/\/www.brandel.cz\/kvalitni-autojerab-se-vyplati-i-vam\/","headline":"Kvalitn\u00ed autoje\u0159\u00e1b se vyplat\u00ed i v\u00e1m","url":"https:\/\/www.brandel.cz\/kvalitni-autojerab-se-vyplati-i-vam\/","datePublished":"2017-07-12","dateModified":"2023-04-26","mainEntityOfPage":"https:\/\/www.brandel.cz\/kvalitni-autojerab-se-vyplati-i-vam\/","author":{"@type":"Person","@id":"https:\/\/www.brandel.cz\/author\/#Person","name":"","url":"https:\/\/www.brandel.cz\/author\/","identifier":1,"image":{"@type":"ImageObject","@id":"https:\/\/secure.gravatar.com\/avatar\/91506ed60e31abe586276a3e1420719df081581a820344a28fa2034bb1a2fe22?s=96&d=mm&r=g","url":"https:\/\/secure.gravatar.com\/avatar\/91506ed60e31abe586276a3e1420719df081581a820344a28fa2034bb1a2fe22?s=96&d=mm&r=g","height":96,"width":96}},"publisher":{"@type":"Organization","name":"brandel.cz","logo":{"@type":"ImageObject","@id":"\/logo.png","url":"\/logo.png","width":600,"height":60}},"image":{"@type":"ImageObject","@id":"https:\/\/www.brandel.cz\/wp-content\/uploads\/img_a296567_w2104_t1507558262.jpg","url":"https:\/\/www.brandel.cz\/wp-content\/uploads\/img_a296567_w2104_t1507558262.jpg","height":0,"width":0},"keywords":null},{"@type":"Article","@id":"https:\/\/www.brandel.cz\/s-vyberem-poklopu-si-nechte-poradit\/","headline":"S v\u00fdb\u011brem poklop\u016f si nechte poradit","url":"https:\/\/www.brandel.cz\/s-vyberem-poklopu-si-nechte-poradit\/","datePublished":"2017-07-08","dateModified":"2023-04-26","mainEntityOfPage":"https:\/\/www.brandel.cz\/s-vyberem-poklopu-si-nechte-poradit\/","author":{"@type":"Person","@id":"https:\/\/www.brandel.cz\/author\/#Person","name":"","url":"https:\/\/www.brandel.cz\/author\/","identifier":1,"image":{"@type":"ImageObject","@id":"https:\/\/secure.gravatar.com\/avatar\/91506ed60e31abe586276a3e1420719df081581a820344a28fa2034bb1a2fe22?s=96&d=mm&r=g","url":"https:\/\/secure.gravatar.com\/avatar\/91506ed60e31abe586276a3e1420719df081581a820344a28fa2034bb1a2fe22?s=96&d=mm&r=g","height":96,"width":96}},"publisher":{"@type":"Organization","name":"brandel.cz","logo":{"@type":"ImageObject","@id":"\/logo.png","url":"\/logo.png","width":600,"height":60}},"image":{"@type":"ImageObject","@id":"https:\/\/www.brandel.cz\/wp-content\/uploads\/img_a292454_w2009_t1504871811.jpg","url":"https:\/\/www.brandel.cz\/wp-content\/uploads\/img_a292454_w2009_t1504871811.jpg","height":0,"width":0},"keywords":null},{"@type":"Article","@id":"https:\/\/www.brandel.cz\/parada-ktera-stoji-za-to\/","headline":"Par\u00e1da, kter\u00e1 stoj\u00ed za to","url":"https:\/\/www.brandel.cz\/parada-ktera-stoji-za-to\/","datePublished":"2017-07-07","dateModified":"2023-04-26","mainEntityOfPage":"https:\/\/www.brandel.cz\/parada-ktera-stoji-za-to\/","author":{"@type":"Person","@id":"https:\/\/www.brandel.cz\/author\/#Person","name":"","url":"https:\/\/www.brandel.cz\/author\/","identifier":1,"image":{"@type":"ImageObject","@id":"https:\/\/secure.gravatar.com\/avatar\/91506ed60e31abe586276a3e1420719df081581a820344a28fa2034bb1a2fe22?s=96&d=mm&r=g","url":"https:\/\/secure.gravatar.com\/avatar\/91506ed60e31abe586276a3e1420719df081581a820344a28fa2034bb1a2fe22?s=96&d=mm&r=g","height":96,"width":96}},"publisher":{"@type":"Organization","name":"brandel.cz","logo":{"@type":"ImageObject","@id":"\/logo.png","url":"\/logo.png","width":600,"height":60}},"image":{"@type":"ImageObject","@id":"https:\/\/www.brandel.cz\/wp-content\/uploads\/img_a296581_w1788_t1507560048.jpg","url":"https:\/\/www.brandel.cz\/wp-content\/uploads\/img_a296581_w1788_t1507560048.jpg","height":0,"width":0},"keywords":null},{"@type":"Article","@id":"https:\/\/www.brandel.cz\/moderni-vzduchotechnika-je-stvorena-k-rekuperaci\/","headline":"Modern\u00ed vzduchotechnika je stvo\u0159en\u00e1 k rekuperaci","url":"https:\/\/www.brandel.cz\/moderni-vzduchotechnika-je-stvorena-k-rekuperaci\/","datePublished":"2017-07-04","dateModified":"2023-04-26","mainEntityOfPage":"https:\/\/www.brandel.cz\/moderni-vzduchotechnika-je-stvorena-k-rekuperaci\/","author":{"@type":"Person","@id":"https:\/\/www.brandel.cz\/author\/#Person","name":"","url":"https:\/\/www.brandel.cz\/author\/","identifier":1,"image":{"@type":"ImageObject","@id":"https:\/\/secure.gravatar.com\/avatar\/91506ed60e31abe586276a3e1420719df081581a820344a28fa2034bb1a2fe22?s=96&d=mm&r=g","url":"https:\/\/secure.gravatar.com\/avatar\/91506ed60e31abe586276a3e1420719df081581a820344a28fa2034bb1a2fe22?s=96&d=mm&r=g","height":96,"width":96}},"publisher":{"@type":"Organization","name":"brandel.cz","logo":{"@type":"ImageObject","@id":"\/logo.png","url":"\/logo.png","width":600,"height":60}},"image":{"@type":"ImageObject","@id":"https:\/\/www.brandel.cz\/wp-content\/uploads\/img_a296465_w2178_t1507538236.png","url":"https:\/\/www.brandel.cz\/wp-content\/uploads\/img_a296465_w2178_t1507538236.png","height":0,"width":0},"keywords":null}]}