[{"@context":"https:\/\/schema.org\/","@type":"Article","@id":"https:\/\/www.brandel.cz\/take-zdokonalujte-svuj-pribytek\/#Article","mainEntityOfPage":"https:\/\/www.brandel.cz\/take-zdokonalujte-svuj-pribytek\/","headline":"Tak\u00e9 zdokonalujte sv\u016fj p\u0159\u00edbytek","name":"Tak\u00e9 zdokonalujte sv\u016fj p\u0159\u00edbytek","description":"Va\u0161\u00edm snem bylo vlastn\u00ed bydlen\u00ed. Usilovnou prac\u00ed jste toho dos\u00e1hli. Pozd\u011bji jste cht\u011bli uj\u00ed\u017ed\u011bt do p\u0159\u00edrody, proto jste si po\u0159\u00eddili zahr\u00e1dku se zahradn\u00edm domkem. Celkem logicky n\u00e1sledoval sen o bydlen\u00ed v rodinn\u00e9m domku se zahradou, proto\u017ee jste necht\u011bli ze zahrady odj\u00ed\u017ed\u011bt. Nyn\u00ed m\u00e1te i to. Co p\u0159ijde nyn\u00ed? Nebo jste snad ukon\u010dili sled sv\u00fdch sn\u016f? [&hellip;]","datePublished":"2018-04-27","dateModified":"2023-04-26","author":{"@type":"Person","@id":"https:\/\/www.brandel.cz\/author\/#Person","name":"","url":"https:\/\/www.brandel.cz\/author\/","identifier":1,"image":{"@type":"ImageObject","@id":"https:\/\/secure.gravatar.com\/avatar\/91506ed60e31abe586276a3e1420719df081581a820344a28fa2034bb1a2fe22?s=96&d=mm&r=g","url":"https:\/\/secure.gravatar.com\/avatar\/91506ed60e31abe586276a3e1420719df081581a820344a28fa2034bb1a2fe22?s=96&d=mm&r=g","height":96,"width":96}},"publisher":{"@type":"Organization","name":"brandel.cz","logo":{"@type":"ImageObject","@id":"\/logo.png","url":"\/logo.png","width":600,"height":60}},"image":{"@type":"ImageObject","@id":"https:\/\/www.brandel.cz\/wp-content\/uploads\/img_a315363_w2261_t1526288404.jpg","url":"https:\/\/www.brandel.cz\/wp-content\/uploads\/img_a315363_w2261_t1526288404.jpg","height":0,"width":0},"url":"https:\/\/www.brandel.cz\/take-zdokonalujte-svuj-pribytek\/","about":["D\u016fm"],"wordCount":452,"articleBody":"Va\u0161\u00edm snem bylo vlastn\u00ed bydlen\u00ed. Usilovnou prac\u00ed jste toho dos\u00e1hli. Pozd\u011bji jste cht\u011bli uj\u00ed\u017ed\u011bt do p\u0159\u00edrody, proto jste si po\u0159\u00eddili zahr\u00e1dku se zahradn\u00edm domkem. Celkem logicky n\u00e1sledoval sen o bydlen\u00ed v rodinn\u00e9m domku se zahradou, proto\u017ee jste necht\u011bli ze zahrady odj\u00ed\u017ed\u011bt. Nyn\u00ed m\u00e1te i to. Co p\u0159ijde nyn\u00ed? Nebo jste snad ukon\u010dili sled sv\u00fdch sn\u016f? Kdepak. To byste nem\u011bli d\u011blat.  Rozhl\u00e9dn\u011bte se v\u016fkol. Nena\u0161li byste p\u0159ece jen dal\u0161\u00ed sen, kter\u00fd byste si cht\u011bli splnit? Je to snad baz\u00e9n, nebo by to mohla b\u00fdt kvalitn\u00ed gar\u00e1\u017eov\u00e1 vrata , kter\u00e1 V\u00e1m usnadn\u00ed n\u011bkter\u00e9 ka\u017edodenn\u00ed \u010dinnosti? P\u0159ece jenom v\u011bk se ne\u00faprosn\u011b hl\u00e1s\u00ed o sv\u00e1 pr\u00e1va! Pro\u010d byste tedy nemohli trochu zleniv\u011bt prost\u0159ednictv\u00edm civiliza\u010dn\u00edch vymo\u017eenost\u00ed? Zvolte gar\u00e1\u017eov\u00e1 vrata, jako prvn\u00ed v po\u0159ad\u00ed!  Baz\u00e9n chv\u00edli po\u010dk\u00e1. A to z toho d\u016fvodu, \u017ee gar\u00e1\u017eov\u00e1 vrata budete pou\u017e\u00edvat celoro\u010dn\u011b! Um\u00edte si jen trochu p\u0159edstavit, jak denn\u011b vyj\u00ed\u017ed\u00edte z gar\u00e1\u017ee? Ale nebudete muset vrata otev\u00edrat a po vyjet\u00ed z gar\u00e1\u017ee nechat b\u011b\u017eet motor a vrata zase zav\u0159\u00edt. A p\u0159i p\u0159\u00edjezdu dom\u016f zase opa\u010dn\u00fd postup! Notabene to budou vrata nov\u00e1 a bu\u010f v\u00fdklopn\u00e1, nebo sek\u010dn\u00ed! Ale hlavn\u011b! Pamatujte si to: budou na d\u00e1lkov\u00e9 ovl\u00e1d\u00e1n\u00ed. V\u00edte, kolik \u00fakon\u016f nebudete muset u\u017e d\u011blat? Odepnout bezpe\u010dnostn\u00ed p\u00e1s, otev\u0159\u00edt dve\u0159e od auta, otev\u0159\u00edt vrata, usednout do auta, popojet do gar\u00e1\u017ee, vystoupit z auta a zav\u0159\u00edt vrata! A r\u00e1no v opa\u010dn\u00e9m po\u0159ad\u00ed! P\u0159iznejte se, Vy ty \u00fakony u\u017e ned\u011bl\u00e1te v\u016fbec, vi\u010fte? M\u00e1te kr\u00e1snou velkou gar\u00e1\u017e, ale nechce se V\u00e1m do n\u00ed vj\u00ed\u017ed\u011bt, kdy\u017e druh\u00fd den r\u00e1no op\u011bt jedete. Ty \u00fakony V\u00e1s unavuj\u00ed! Zvl\u00e1\u0161t\u011b r\u00e1no, kdy\u017e \u0161et\u0159\u00edte ka\u017edou minutu, kterou m\u016f\u017eete str\u00e1vit je\u0161t\u011b v posteli. Nebo i odpoledne, kdy\u017e p\u0159ij\u00ed\u017ed\u00edte z pr\u00e1ce dom\u016f a unaveni se t\u011b\u0161\u00edte na \u0161\u00e1lek dobr\u00e9 k\u00e1vy na terase za domem! Proto parkujete stejn\u011b p\u0159ed domem!  A v\u00edte, co je\u0161t\u011b z\u00edsk\u00e1te po\u0159\u00edzen\u00edm dokonal\u00fdch gar\u00e1\u017eov\u00fdch vrat na d\u00e1lkov\u00e9 ovl\u00e1d\u00e1n\u00ed? Nov\u00e9 vchodov\u00e9 dve\u0159e ve stejn\u00e9m designu a ve stejn\u00e9 barv\u011b! V\u00e1\u0161 d\u016fm r\u00e1zem o\u017eije nov\u00fdm vzhledem! Vid\u00edte, a dal\u0161\u00ed sen se V\u00e1m spln\u00ed!                                                                                                                                                                                                                                                                                                                                                                                         4.5\/5 - (2 votes)        "},{"@context":"https:\/\/schema.org\/","@type":"BreadcrumbList","itemListElement":[{"@type":"ListItem","position":1,"name":"Tak\u00e9 zdokonalujte sv\u016fj p\u0159\u00edbytek","item":"https:\/\/www.brandel.cz\/take-zdokonalujte-svuj-pribytek\/#breadcrumbitem"}]}]