[{"@context":"https:\/\/schema.org\/","@type":"Article","@id":"https:\/\/www.brandel.cz\/trapi-vas-priznaky-menopauzy\/#Article","mainEntityOfPage":"https:\/\/www.brandel.cz\/trapi-vas-priznaky-menopauzy\/","headline":"Tr\u00e1p\u00ed V\u00e1s p\u0159\u00edznaky menopauzy?","name":"Tr\u00e1p\u00ed V\u00e1s p\u0159\u00edznaky menopauzy?","description":"Mnoho z \u017een toto obdob\u00ed pro\u017e\u00edv\u00e1 opravdu hekticky, vy\u010derpan\u011b v depres\u00edch a s n\u00e1valy horka. To jsou v\u0161ak jenom p\u016fvodn\u00ed projevy, kter\u00e9 b\u00fdvaj\u00ed velice \u010dasto b\u011b\u017en\u00e9 a vyskytuj\u00ed se opravdu u mnoha p\u0159\u00edpad\u016f. \u017deny jsou nesv\u00e9 a c\u00edt\u00ed se hrozn\u011b. Obdob\u00ed menopauzy tak\u00e9 zn\u00e1m\u00e9 jako klimakterium se projevuje u\u017e od 45. roku. Trvat m\u016f\u017ee r\u016fznou [&hellip;]","datePublished":"2017-09-15","dateModified":"2023-04-26","author":{"@type":"Person","@id":"https:\/\/www.brandel.cz\/author\/#Person","name":"","url":"https:\/\/www.brandel.cz\/author\/","identifier":1,"image":{"@type":"ImageObject","@id":"https:\/\/secure.gravatar.com\/avatar\/91506ed60e31abe586276a3e1420719df081581a820344a28fa2034bb1a2fe22?s=96&d=mm&r=g","url":"https:\/\/secure.gravatar.com\/avatar\/91506ed60e31abe586276a3e1420719df081581a820344a28fa2034bb1a2fe22?s=96&d=mm&r=g","height":96,"width":96}},"publisher":{"@type":"Organization","name":"brandel.cz","logo":{"@type":"ImageObject","@id":"\/logo.png","url":"\/logo.png","width":600,"height":60}},"image":{"@type":"ImageObject","@id":"https:\/\/www.brandel.cz\/wp-content\/uploads\/img_a299909_w2192_t1509964611.jpg","url":"https:\/\/www.brandel.cz\/wp-content\/uploads\/img_a299909_w2192_t1509964611.jpg","height":0,"width":0},"url":"https:\/\/www.brandel.cz\/trapi-vas-priznaky-menopauzy\/","about":["Auto moto"],"wordCount":516,"articleBody":"Mnoho z \u017een toto obdob\u00ed pro\u017e\u00edv\u00e1 opravdu hekticky, vy\u010derpan\u011b v depres\u00edch a s n\u00e1valy horka. To jsou v\u0161ak jenom p\u016fvodn\u00ed projevy, kter\u00e9 b\u00fdvaj\u00ed velice \u010dasto b\u011b\u017en\u00e9 a vyskytuj\u00ed se opravdu u mnoha p\u0159\u00edpad\u016f. \u017deny jsou nesv\u00e9 a c\u00edt\u00ed se hrozn\u011b. Obdob\u00ed menopauzy tak\u00e9 zn\u00e1m\u00e9 jako klimakterium se projevuje u\u017e od 45. roku. Trvat m\u016f\u017ee r\u016fznou dobu, proto\u017ee cel\u00fd proces je naprosto individu\u00e1ln\u00ed a nejde jej zm\u011bnit. Obdob\u00ed se pohybuje v rozmez\u00ed od 45. a\u017e do 55. roku. Potkat to v\u0161ak m\u016f\u017ee i \u017eeny, kter\u00e9 jsou o n\u011bco mlad\u0161\u00ed, ne\u017e je tento obecn\u011b zn\u00e1m\u00fd v\u011bk. Co se d\u011bje s na\u0161\u00edm t\u011blem? Probl\u00e9m nast\u00e1v\u00e1 tehdy, a\u017e n\u00e1m hormony zam\u00e1vaj\u00ed a daj\u00ed sbohem. T\u011blo se chyst\u00e1 pomalu na st\u00e1\u0159\u00ed, a proto ub\u00fdv\u00e1 estrogenu. Tento \u017eensk\u00fd hormon v\u0161ak po cel\u00fd n\u00e1\u0161 \u017eivot ovliv\u0148uje na\u0161e t\u011blo. Hormony zkr\u00e1tka mohou skoro za v\u0161echno, dokonce i za to, jak se c\u00edt\u00edme a jak\u00fd m\u00e1me pohled na sv\u011bt. Jakmile jich ub\u00fdv\u00e1, c\u00edt\u00edme se \u0161patn\u011b. Nec\u00edt\u00edme se \u017eensky, ztr\u00e1c\u00edme sv\u016fj p\u016fvab  https:\/\/www.levneknihy.cz\/puvab-jednoduchych-motivu-antistresove-omalovanky\/146511 a \u0161arm a ob\u010das si p\u0159ipad\u00e1me nemotorn\u00e9. Jenom\u017ee to nen\u00ed to nejhor\u0161\u00ed, dal\u0161\u00ed p\u0159\u00edznaky menopauzy pr\u00e1v\u011b propuknou a my si \u010dasto l\u00e1meme hlavu s t\u00edm, co se vlastn\u011b d\u011bje . Jak\u00e9 probl\u00e9my nast\u00e1vaj\u00ed? \u00d8 Na\u0161e t\u011blo za\u010dne vypadat jinak. Objev\u00ed se mal\u00e9 kulat\u00e9 b\u0159\u00ed\u0161ko. M\u016f\u017eeme i v\u00edce p\u0159ib\u00fdvat na v\u00e1ze.  \u00d8 Po\u0159\u00e1d jsme ve stresu, dokonce mohou nastoupit i v\u00e1\u017en\u011bj\u0161\u00ed deprese. Neobvykl\u00e9 nejsou ani pocity \u00fazkosti.  \u00d8 Odd\u011blujeme se od rodiny. Rad\u011bji se vzd\u00e1l\u00edme n\u011bkam do kouta, co\u017e m\u00e1 za n\u00e1sledek je\u0161t\u011b hor\u0161\u00ed psychickou rozpolcenost. C\u00edt\u00edme se samy a \u0161patn\u011b.  \u00d8 Za\u010d\u00ednaj\u00ed n\u00e1m v\u00edce vypad\u00e1vat vlasy. Tuhou klouby. \u010cast\u011bji a rychleji se zad\u00fdch\u00e1me. Nehty se t\u0159ep\u00ed a l\u00e1mou.  \u00d8 Inkontinence mo\u010di. Velice nep\u0159\u00edjemn\u00fd pocit, kdy\u017e jste n\u011bkde mezi lidmi nebo v pr\u00e1ci a mus\u00edte si d\u00e1vat pozor na ka\u017ed\u00e9 k\u00fdchnut\u00ed nebo na sv\u00e9voln\u00e9 sta\u017een\u00ed doln\u00edch sval\u016f p\u00e1nevn\u00edch, abyste nepoci\u0165ovaly inkontinenci mo\u010di. Nep\u0159\u00edjemn\u00e1 v\u011bc u\u017e te\u010f, kdy\u017e o n\u00ed jenom \u010dlov\u011bk mluv\u00ed, nato\u017epak v p\u0159\u00edpad\u011b, \u017ee to budete pro\u017e\u00edvat.  \u00d8 Nechu\u0165 na sexu\u00e1ln\u00ed hr\u00e1tky a na sex obecn\u011b. Bohu\u017eel i vagin\u00e1ln\u00ed oblast vysych\u00e1 a nen\u00ed tak aktivn\u00ed kv\u016fli \u00fabytku hormon\u016f a proto nem\u00e1me chu\u0165 ani n\u00e1ladu na sex, ob\u010das to dokonce m\u016f\u017ee b\u00fdt a\u017e nep\u0159\u00edjemn\u00e9.  \u00d8 Mezi nej\u010dast\u011bj\u0161\u00ed se v\u0161ak \u0159ad\u00ed \u00fanava a pocen\u00ed. N\u00e1valy horka b\u00fdvaj\u00ed jedn\u00edm z nej\u010dast\u011bj\u0161\u00edch p\u0159\u00edznak\u016f pr\u00e1v\u011b klimakteria. Ve\u010der nem\u016f\u017eete usnout a p\u0159itom jste po\u0159\u00e1d tak unaven\u00e1.                                                                                                                                                                                                                                                                                                                                                                                         2\/5 - (1 vote)        "},{"@context":"https:\/\/schema.org\/","@type":"BreadcrumbList","itemListElement":[{"@type":"ListItem","position":1,"name":"Tr\u00e1p\u00ed V\u00e1s p\u0159\u00edznaky menopauzy?","item":"https:\/\/www.brandel.cz\/trapi-vas-priznaky-menopauzy\/#breadcrumbitem"}]}]