[{"@context":"https:\/\/schema.org\/","@type":"Article","@id":"https:\/\/www.brandel.cz\/vrcholna-era-naseho-statu\/#Article","mainEntityOfPage":"https:\/\/www.brandel.cz\/vrcholna-era-naseho-statu\/","headline":"Vrcholn\u00e1 \u00e9ra na\u0161eho st\u00e1tu","name":"Vrcholn\u00e1 \u00e9ra na\u0161eho st\u00e1tu","description":"\u0158\u00edk\u00e1 se, \u017ee po p\u00e1du Rakousko-Uherska \u010cechy nejv\u00edce vzkv\u00e9taly. Tehdej\u0161\u00ed prezident Tom\u00e1\u0161 Garrique Masaryk spolu \u201es mu\u017ei 28. \u0159\u00edjna\u201c uk\u00e1zal lidu demokracii. A r\u00e1zem se zrodila nov\u00e1 zemi\u010dka ve st\u0159edn\u00ed Evrop\u011b s n\u00e1zvem \u010ceskoslovensk\u00e1 republika. \u017dilo se na\u0161im p\u0159edk\u016fm skute\u010dn\u011b tak skv\u011ble, jak historie prav\u00ed? Bohatstv\u00ed, rozvoj ale i b\u00edda a zaostalost Z \u010d\u00e1sti pravda, [&hellip;]","datePublished":"2025-04-26","dateModified":"2025-04-26","author":{"@type":"Person","@id":"https:\/\/www.brandel.cz\/author\/#Person","name":"","url":"https:\/\/www.brandel.cz\/author\/","identifier":1,"image":{"@type":"ImageObject","@id":"https:\/\/secure.gravatar.com\/avatar\/91506ed60e31abe586276a3e1420719df081581a820344a28fa2034bb1a2fe22?s=96&d=mm&r=g","url":"https:\/\/secure.gravatar.com\/avatar\/91506ed60e31abe586276a3e1420719df081581a820344a28fa2034bb1a2fe22?s=96&d=mm&r=g","height":96,"width":96}},"publisher":{"@type":"Organization","name":"brandel.cz","logo":{"@type":"ImageObject","@id":"\/logo.png","url":"\/logo.png","width":600,"height":60}},"url":"https:\/\/www.brandel.cz\/vrcholna-era-naseho-statu\/","wordCount":211,"articleBody":"\u0158\u00edk\u00e1 se, \u017ee po p\u00e1du Rakousko-Uherska \u010cechy nejv\u00edce vzkv\u00e9taly. Tehdej\u0161\u00ed prezident Tom\u00e1\u0161 Garrique Masaryk spolu \u201es mu\u017ei 28. \u0159\u00edjna\u201c uk\u00e1zal lidu demokracii. A r\u00e1zem se zrodila nov\u00e1 zemi\u010dka ve st\u0159edn\u00ed Evrop\u011b s n\u00e1zvem \u010ceskoslovensk\u00e1 republika. \u017dilo se na\u0161im p\u0159edk\u016fm skute\u010dn\u011b tak skv\u011ble, jak historie prav\u00ed? Bohatstv\u00ed, rozvoj ale i b\u00edda a zaostalost Z \u010d\u00e1sti pravda, z \u010d\u00e1sti le\u017e. Ano, rod\u00e1k\u016fm se skute\u010dn\u011b dob\u0159e vedlo, ale ne zdaleka v\u0161em. \u010cechy a Morava vzkv\u00e9taly. Rozv\u00edjely se zde nejen svobodn\u00e9 volby, ale i \u0159emesla a obchod. U\u017e v t\u00e9to dob\u011b expandoval na trh snad nejzn\u00e1m\u011bj\u0161\u00ed Zl\u00ednsk\u00fd podnikatel Tom\u00e1\u0161 Ba\u0165a. Dodnes jsou jeho boty slavn\u00e9 nejen v Evrop\u011b. Textil byl dal\u0161\u00edm v\u00fdznamn\u00fdm odv\u011btv\u00edm, a tak nejen d\u00e1msk\u00e1 m\u00f3da se vyv\u00edjela pod rukama mistr\u016f v Brn\u011bnsk\u00fdch tov\u00e1rn\u00e1ch. Na druhou stranu na\u0161i brat\u0159i na Slovensku a v Podkarpatsk\u00e9 Rusy, na tom s ob\u017eivou nebyli na takov\u00e9 \u00farovni jako my. P\u0159eva\u017eoval zde chov dobytku a hospod\u00e1\u0159stv\u00ed. Tak\u00e9 se vzd\u011blanost\u00ed na tom byli h\u016f\u0159e. Inu ka\u017ed\u00e1 doba m\u00e1 sv\u00e9 pro a proti.                                                                                                                                                                                                                                                                                                                                                                                                "},{"@context":"https:\/\/schema.org\/","@type":"BreadcrumbList","itemListElement":[{"@type":"ListItem","position":1,"name":"Vrcholn\u00e1 \u00e9ra na\u0161eho st\u00e1tu","item":"https:\/\/www.brandel.cz\/vrcholna-era-naseho-statu\/#breadcrumbitem"}]}]