[{"@context":"https:\/\/schema.org\/","@type":"Article","@id":"https:\/\/www.brandel.cz\/vse-i-pro-vasi-kancelar\/#Article","mainEntityOfPage":"https:\/\/www.brandel.cz\/vse-i-pro-vasi-kancelar\/","headline":"V\u0161e i pro Va\u0161i kancel\u00e1\u0159","name":"V\u0161e i pro Va\u0161i kancel\u00e1\u0159","description":"Snad ka\u017ed\u00fd \u010dlov\u011bk moc dob\u0159e v\u00ed, \u017ee pokud si n\u011bkdo p\u0159eje, aby byly odv\u00e1d\u011bny ty nejlep\u0161\u00ed pracovn\u00ed v\u00fdkony, je nutn\u00e9 tomu p\u0159izp\u016fsobit pracovn\u00ed prost\u0159ed\u00ed. Kdy\u017e toti\u017e pracovn\u00ed prost\u0159ed\u00ed nenab\u00edz\u00ed dobr\u00e9 podm\u00ednky pro pr\u00e1ci, tak je jasn\u00e9, \u017ee \u017e\u00e1dn\u00fd zam\u011bstnanec nebude odv\u00e1d\u011bt takov\u00e9 v\u00fdkony, jak\u00e9 by bylo dobr\u00e9 odv\u00e1d\u011bt. Nav\u00edc se m\u016f\u017ee v takov\u00e9m prost\u0159ed\u00ed c\u00edtit [&hellip;]","datePublished":"2017-04-13","dateModified":"2023-04-26","author":{"@type":"Person","@id":"https:\/\/www.brandel.cz\/author\/#Person","name":"","url":"https:\/\/www.brandel.cz\/author\/","identifier":1,"image":{"@type":"ImageObject","@id":"https:\/\/secure.gravatar.com\/avatar\/91506ed60e31abe586276a3e1420719df081581a820344a28fa2034bb1a2fe22?s=96&d=mm&r=g","url":"https:\/\/secure.gravatar.com\/avatar\/91506ed60e31abe586276a3e1420719df081581a820344a28fa2034bb1a2fe22?s=96&d=mm&r=g","height":96,"width":96}},"publisher":{"@type":"Organization","name":"brandel.cz","logo":{"@type":"ImageObject","@id":"\/logo.png","url":"\/logo.png","width":600,"height":60}},"url":"https:\/\/www.brandel.cz\/vse-i-pro-vasi-kancelar\/","about":["Zbo\u017e\u00ed"],"wordCount":377,"articleBody":"Snad ka\u017ed\u00fd \u010dlov\u011bk moc dob\u0159e v\u00ed, \u017ee pokud si n\u011bkdo p\u0159eje, aby byly odv\u00e1d\u011bny ty nejlep\u0161\u00ed pracovn\u00ed v\u00fdkony, je nutn\u00e9 tomu p\u0159izp\u016fsobit pracovn\u00ed prost\u0159ed\u00ed. Kdy\u017e toti\u017e pracovn\u00ed prost\u0159ed\u00ed nenab\u00edz\u00ed dobr\u00e9 podm\u00ednky pro pr\u00e1ci, tak je jasn\u00e9, \u017ee \u017e\u00e1dn\u00fd zam\u011bstnanec nebude odv\u00e1d\u011bt takov\u00e9 v\u00fdkony, jak\u00e9 by bylo dobr\u00e9 odv\u00e1d\u011bt. Nav\u00edc se m\u016f\u017ee v takov\u00e9m prost\u0159ed\u00ed c\u00edtit nep\u0159\u00edjemn\u011b, co\u017e vede tak\u00e9 ke zhor\u0161en\u00ed efektivity pr\u00e1ce. Proto je dobr\u00e9 na tuto skute\u010dnost myslet i v p\u0159\u00edpad\u011b, \u017ee za\u0159izujete kancel\u00e1\u0159.&#13; &#13; &#13; &#13; Dbejte na to d\u016fle\u017eit\u00e9&#13; Nen\u00ed to samoz\u0159ejm\u011b jenom o tom, zda vyberete vhodn\u00fd st\u016fl \u010di kancel\u00e1\u0159skou \u017eidli. Mnohdy je nutn\u00e9 myslet tak\u00e9 prakticky, proto\u017ee takov\u00e1 m\u00edstnost je vyu\u017e\u00edv\u00e1na p\u0159edev\u0161\u00edm pracovn\u011b. Proto by m\u011bla nab\u00edzet dostate\u010dn\u00e9 mno\u017estv\u00ed prostor pro ukl\u00e1d\u00e1n\u00ed r\u016fzn\u00fdch d\u016fle\u017eit\u00fdch dokument\u016f, kter\u00e9 je nutn\u00e9 m\u00edt v\u017edy po ruce a zaru\u010den\u011b v\u011bd\u011bt, kde byste je m\u011bli hledat. S t\u00edm V\u00e1m mohou pomoct nap\u0159\u00edklad oto\u010dn\u00e9 reg\u00e1ly na \u0161anony, ve kter\u00fdch v\u017edy naleznete to, co jste zrovna hledali. D\u00edky t\u011bmto pomocn\u00edk\u016fm budete m\u00edt po ruce ve\u0161ker\u00e9 dokumenty, kter\u00e9 by se V\u00e1m mohly hodit.&#13; &#13; Vybaven\u00ed i pro Va\u0161i kancel\u00e1\u0159&#13; Pokud se tedy chyst\u00e1te za\u0159izovat kancel\u00e1\u0159, rozhodn\u011b byste m\u011bli myslet na mnoho v\u011bc\u00ed, kter\u00e9 nen\u00ed dobr\u00e9 podce\u0148ovat, proto\u017ee jinak by se mohlo st\u00e1t, \u017ee budete nep\u0159\u00edjemn\u011b p\u0159ekvapeni. Za provozu u\u017e se v\u0161echno p\u0159ed\u011bl\u00e1v\u00e1 t\u011b\u017eko, proto je dobr\u00e9 myslet dop\u0159edu a hl\u00eddat d\u016fle\u017eit\u00e9 v\u011bci, kter\u00e9 zajist\u00ed bezprobl\u00e9mov\u00fd a hladk\u00fd chod i Va\u0161\u00ed kancel\u00e1\u0159e.&#13; &#13; &#13; &#13; V\u011b\u0159te tedy tomu, \u017ee kdy\u017e nic nepodcen\u00edte a na za\u0159izov\u00e1n\u00ed kancel\u00e1\u0159e se budete dostate\u010dn\u011b soust\u0159edit, dos\u00e1hnete toho, \u017ee se V\u00e1m bude mnohem l\u00e9pe pracovat, v\u0161e bude dostupn\u011bj\u0161\u00ed a Vy se budete c\u00edtit l\u00e9pe, co\u017e je samoz\u0159ejm\u011b velice d\u016fle\u017eit\u00e9.&#13;                                                                                                                                                                                                                                                                                                                                                                                        4\/5 - (1 vote)        "},{"@context":"https:\/\/schema.org\/","@type":"BreadcrumbList","itemListElement":[{"@type":"ListItem","position":1,"name":"V\u0161e i pro Va\u0161i kancel\u00e1\u0159","item":"https:\/\/www.brandel.cz\/vse-i-pro-vasi-kancelar\/#breadcrumbitem"}]}]