[{"@context":"https:\/\/schema.org\/","@type":"Article","@id":"https:\/\/www.brandel.cz\/vyklizeni-domu-bytu-ale-i-firemnich-prostor\/#Article","mainEntityOfPage":"https:\/\/www.brandel.cz\/vyklizeni-domu-bytu-ale-i-firemnich-prostor\/","headline":"Vykl\u00edzen\u00ed dom\u016f, byt\u016f ale i firemn\u00edch prostor","name":"Vykl\u00edzen\u00ed dom\u016f, byt\u016f ale i firemn\u00edch prostor","description":"St\u011bhov\u00e1n\u00ed dom\u016f, byt\u016f ale i firemn\u00edch prostor v\u017edy kon\u010d\u00ed nepo\u0159\u00e1dkem v podob\u011b rozbit\u00fdch\/necht\u011bn\u00fdch v\u011bc\u00ed, prachu a zbytk\u016f n\u00e1bytku a elektrospot\u0159ebi\u010d\u016f. Pro \u00faklid cel\u00e9ho prostoru je t\u0159eba si vymezit i hodiny voln\u00e9ho \u010dasu a nen\u00ed to zrovna z\u00e1bavn\u00e1 \u010dinnost. Na\u0161e firma V\u00e1s m\u016f\u017ee tohoto probl\u00e9mu zbavit a to pe\u010dliv\u00fdm \u00faklidem, kter\u00fd m\u016f\u017eete spojit se st\u011bhov\u00e1n\u00edm a [&hellip;]","datePublished":"2023-04-26","dateModified":"2023-04-26","author":{"@type":"Person","@id":"https:\/\/www.brandel.cz\/author\/#Person","name":"","url":"https:\/\/www.brandel.cz\/author\/","identifier":1,"image":{"@type":"ImageObject","@id":"https:\/\/secure.gravatar.com\/avatar\/91506ed60e31abe586276a3e1420719df081581a820344a28fa2034bb1a2fe22?s=96&d=mm&r=g","url":"https:\/\/secure.gravatar.com\/avatar\/91506ed60e31abe586276a3e1420719df081581a820344a28fa2034bb1a2fe22?s=96&d=mm&r=g","height":96,"width":96}},"publisher":{"@type":"Organization","name":"brandel.cz","logo":{"@type":"ImageObject","@id":"\/logo.png","url":"\/logo.png","width":600,"height":60}},"url":"https:\/\/www.brandel.cz\/vyklizeni-domu-bytu-ale-i-firemnich-prostor\/","about":["Zbo\u017e\u00ed"],"wordCount":363,"articleBody":"St\u011bhov\u00e1n\u00ed dom\u016f, byt\u016f ale i firemn\u00edch prostor v\u017edy kon\u010d\u00ed nepo\u0159\u00e1dkem v podob\u011b rozbit\u00fdch\/necht\u011bn\u00fdch v\u011bc\u00ed, prachu a zbytk\u016f n\u00e1bytku a elektrospot\u0159ebi\u010d\u016f. Pro \u00faklid cel\u00e9ho prostoru je t\u0159eba si vymezit i hodiny voln\u00e9ho \u010dasu a nen\u00ed to zrovna z\u00e1bavn\u00e1 \u010dinnost. Na\u0161e firma V\u00e1s m\u016f\u017ee tohoto probl\u00e9mu zbavit a to pe\u010dliv\u00fdm \u00faklidem, kter\u00fd m\u016f\u017eete spojit se st\u011bhov\u00e1n\u00edm a p\u0159ehodit tak v\u0161echny starosti na\u0161im pracovn\u00edk\u016fm. Rychle, spolehliv\u011b a bez pot\u00ed\u017e\u00ed vyst\u011bhujeme V\u00e1\u0161 d\u016fm\/byt a n\u00e1sledn\u011b ho uklidn\u00edme tak, aby byl p\u0159ipraven pro nov\u00e9 majitele \u010di n\u00e1jemn\u00edky. Zbyl\u00e9 odpadky rozt\u0159\u00edd\u00edme a odvezeme je na sb\u011brn\u00fd dv\u016fr, kde budou \u0159\u00e1dn\u011b recyklov\u00e1ny.  Podpora \u017eivotn\u00edho prost\u0159ed\u00ed P\u0159\u00edroda je pro n\u00e1s d\u016fle\u017eit\u00e1 a sna\u017e\u00edme se j\u00ed chr\u00e1nit co mo\u017en\u00e1 nejv\u00edce pe\u010dlivou recyklac\u00ed, kterou prov\u00e1d\u00edme u ka\u017ed\u00e9 zak\u00e1zky. Star\u00e9 elektrospot\u0159ebi\u010de, lednice, pra\u010dky nebo i kusy n\u00e1bytku v\u017edy doprav\u00edme na speci\u00e1ln\u00ed m\u00edsto, kde jsou \u0159\u00e1dn\u011b zpracov\u00e1ny v souladu s po\u017eadavky ekologick\u00fdch norem. Vykl\u00edzen\u00ed firemn\u00edch objekt\u016f Krom\u011b \u00faklid\u016f dom\u016f a byt\u016f nab\u00edz\u00edme i \u00faklid firemn\u00edch objekt\u016f, kter\u00fd m\u00e1 svoje pravidla a to p\u0159edev\u0161\u00edm u dokument\u016f a citliv\u00fdch za\u0159\u00edzen\u00ed. V r\u00e1mci z\u00e1konn\u00fdch postup\u016f skartujeme v\u0161echny dokumenty va\u0161\u00ed spole\u010dnosti a postar\u00e1me se o jejich hladkou a pe\u010dlivou likvidaci. Probl\u00e9mem nejsou ani speci\u00e1ln\u00ed za\u0159\u00edzen\u00ed nebo stroje, kter\u00e9 rozebereme a doprav\u00edme na m\u00edsto likvidace. Vykl\u00ed\u017een\u00ed Praha se postar\u00e1 o hladk\u00fd \u00faklid jak\u00fdchkoli prostor, recyklaci odpadu i n\u00e1sledn\u00e9 p\u0159ed\u00e1n\u00ed majitel\u016fm. Cel\u00fd proces prob\u00edh\u00e1 rychle a to d\u00edky mnohalet\u00fdm zku\u0161enostem a vysok\u00e9mu nasazen\u00ed, kter\u00e9 garantujeme u ka\u017ed\u00e9 zak\u00e1zky. Vyzkou\u0161ejte na\u0161e slu\u017eby a zbavte se nep\u0159\u00edjemnost\u00ed spojen\u00fdch se st\u011bhov\u00e1n\u00edm a n\u00e1sledn\u00fdm \u00faklidem jednou pro v\u017edy.                                                                                                                                                                                                                                                                                                                                                                                        4.2\/5 - (4 votes)        "},{"@context":"https:\/\/schema.org\/","@type":"BreadcrumbList","itemListElement":[{"@type":"ListItem","position":1,"name":"Vykl\u00edzen\u00ed dom\u016f, byt\u016f ale i firemn\u00edch prostor","item":"https:\/\/www.brandel.cz\/vyklizeni-domu-bytu-ale-i-firemnich-prostor\/#breadcrumbitem"}]}]